{"id":114983,"date":"2024-05-23T13:57:15","date_gmt":"2024-05-23T16:57:15","guid":{"rendered":"https:\/\/www.actualidadadiario.com\/?p=114983"},"modified":"2024-05-23T13:57:15","modified_gmt":"2024-05-23T16:57:15","slug":"en-pleno-paro-docente-adorni-aseguro-que-no-esta-prevista-ninguna-convocatoria-de-paritaria","status":"publish","type":"post","link":"https:\/\/www.actualidadadiario.com\/index.php\/2024\/05\/23\/en-pleno-paro-docente-adorni-aseguro-que-no-esta-prevista-ninguna-convocatoria-de-paritaria\/","title":{"rendered":"En pleno paro docente, Adorni asegur\u00f3 que &#8220;no est\u00e1 prevista ninguna convocatoria de paritaria&#8221;"},"content":{"rendered":"<p style=\"text-align: center;\"><em><strong>El vocero presidencial sostuvo que se trata de un tema que &#8220;deben resolver las provincias&#8221;<\/strong><\/em><\/p>\n<p>&nbsp;<\/p>\n<p>&nbsp;<\/p>\n<p>El vocero presidencial, Manuel Adorni, descart\u00f3 la posibilidad de convocar a una nueva paritaria docente en plena medida de fuerza y paro convocado por el sector. \u201cNo est\u00e1 prevista ninguna convocatoria de paritaria\u201d, sostuvo en la habitual conferencia de prensa.<\/p>\n<p>El funcionario remarc\u00f3 adem\u00e1s que \u201ces el tercer paro docente\u201d, por lo que sostuvo que se trata de un tema que \u201cdeben resolver las provincias\u201d.<\/p>\n<p>&#8220;Entendemos que este es un pa\u00eds federal y, dentro de las cuestiones que deben resolver las provincias, est\u00e1 la cuesti\u00f3n docente, y en este caso puntual, el salario docente&#8221;, explic\u00f3 adem\u00e1s.<\/p>\n<p>La aclaraci\u00f3n del Gobierno se de en el marco del paro nacional docente y de la concentraci\u00f3n en la plaza del Congreso a cargo de la Confederaci\u00f3n de Trabajadores de la Educaci\u00f3n (CTERA) y en reclamo a la restituci\u00f3n de partidas presupuestarias, el pago del Fondo de Incentivo Docente (FONID) y el apoyo a los maestros de Misiones que llevan cuatro semanas reclamando una suba salarial.<\/p>\n<p>A pesar de que los gremios exigen la convocatoria a la paritaria nacional docente \u201cde forma urgente\u201d, desde la administraci\u00f3n libertaria anticiparon que \u201cno est\u00e1 prevista&#8221; en el corto plazo.<\/p>\n","protected":false},"excerpt":{"rendered":"<p>El vocero presidencial sostuvo que se trata de un tema que &#8220;deben resolver las provincias&#8221; &nbsp; &nbsp; El vocero presidencial, Manuel Adorni, descart\u00f3 la posibilidad de convocar a una nueva paritaria docente en plena medida de fuerza y paro convocado por el sector. \u201cNo est\u00e1 prevista ninguna convocatoria de paritaria\u201d, sostuvo en la habitual conferencia de prensa. El funcionario remarc\u00f3 adem\u00e1s que \u201ces el tercer paro docente\u201d, por lo que sostuvo que se trata de un tema que \u201cdeben resolver las provincias\u201d. &#8220;Entendemos que este es un pa\u00eds federal y,&#8230;<\/p>\n","protected":false},"author":3,"featured_media":114899,"comment_status":"closed","ping_status":"closed","sticky":false,"template":"","format":"standard","meta":[],"categories":[18],"tags":[],"_links":{"self":[{"href":"https:\/\/www.actualidadadiario.com\/index.php\/wp-json\/wp\/v2\/posts\/114983"}],"collection":[{"href":"https:\/\/www.actualidadadiario.com\/index.php\/wp-json\/wp\/v2\/posts"}],"about":[{"href":"https:\/\/www.actualidadadiario.com\/index.php\/wp-json\/wp\/v2\/types\/post"}],"author":[{"embeddable":true,"href":"https:\/\/www.actualidadadiario.com\/index.php\/wp-json\/wp\/v2\/users\/3"}],"replies":[{"embeddable":true,"href":"https:\/\/www.actualidadadiario.com\/index.php\/wp-json\/wp\/v2\/comments?post=114983"}],"version-history":[{"count":1,"href":"https:\/\/www.actualidadadiario.com\/index.php\/wp-json\/wp\/v2\/posts\/114983\/revisions"}],"predecessor-version":[{"id":114984,"href":"https:\/\/www.actualidadadiario.com\/index.php\/wp-json\/wp\/v2\/posts\/114983\/revisions\/114984"}],"wp:featuredmedia":[{"embeddable":true,"href":"https:\/\/www.actualidadadiario.com\/index.php\/wp-json\/wp\/v2\/media\/114899"}],"wp:attachment":[{"href":"https:\/\/www.actualidadadiario.com\/index.php\/wp-json\/wp\/v2\/media?parent=114983"}],"wp:term":[{"taxonomy":"category","embeddable":true,"href":"https:\/\/www.actualidadadiario.com\/index.php\/wp-json\/wp\/v2\/categories?post=114983"},{"taxonomy":"post_tag","embeddable":true,"href":"https:\/\/www.actualidadadiario.com\/index.php\/wp-json\/wp\/v2\/tags?post=114983"}],"curies":[{"name":"wp","href":"https:\/\/api.w.org\/{rel}","templated":true}]}}