{"id":114980,"date":"2024-05-23T13:56:36","date_gmt":"2024-05-23T16:56:36","guid":{"rendered":"https:\/\/www.actualidadadiario.com\/?p=114980"},"modified":"2024-05-23T13:56:36","modified_gmt":"2024-05-23T16:56:36","slug":"con-nicolas-posse-en-la-mira-el-gobierno-niega-cambios-en-el-gabinete","status":"publish","type":"post","link":"https:\/\/www.actualidadadiario.com\/index.php\/2024\/05\/23\/con-nicolas-posse-en-la-mira-el-gobierno-niega-cambios-en-el-gabinete\/","title":{"rendered":"Con Nicol\u00e1s Posse en la mira, el Gobierno niega cambios en el Gabinete"},"content":{"rendered":"<p style=\"text-align: center;\"><em><strong>El vocero presidencial asegur\u00f3 que el jefe de Gabinete sigue en su cargo. Hace d\u00edas se viene hablando de un cambio en los ministros y anoche Posse no estuvo el acto de Milei en el Luna Park<\/strong><\/em><\/p>\n<p>&nbsp;<\/p>\n<p>&nbsp;<\/p>\n<p>El vocero presidencial, Manuel Adorni, neg\u00f3 cambios en el Gabinete en medio de rumores sobre una salida del jefe de Gabinete, Nicol\u00e1s Posse. &#8220;Eso no es verdad&#8221;, sentenci\u00f3 el funcionario en la conferencia de prensa en Casa Rosada y advirti\u00f3 que la reuni\u00f3n de ministros fue presidida por Posse.<\/p>\n<p>\u201cSe suma a tantas otras (versiones). Pasamos por (Guillermo) Francos, (Sandra) Pettovello y (Luis) \u201cToto\u201d Caputo. Y ahora Nicol\u00e1s Posse\u201d, dijo el vocero ante la pregunta en Casa de Gobierno.<\/p>\n<p>En la v\u00edspera, llam\u00f3 mucho la atenci\u00f3n que no estuviera el jefe de Gabinete en el Luna Park. Desde hace un tiempo, en la Casa Rosada se comenta que Posse habr\u00eda perdido posiciones en la consideraci\u00f3n presidencial y comenzaron las especulaciones sobre un eventual relevo.<\/p>\n<p>En tren de barajar posibles reemplazantes, se habla de Guillermo Francos y de Patricia Bullrich dado que son ministros cuyas gestiones son valoradas por el Presidente. Uno de los funcionarios que tambi\u00e9n est\u00e1 creciendo en el reconocimiento p\u00fablico es el vocero Manuel Adorni.<\/p>\n<p>En las \u00faltimas semanas creci\u00f3 en Presidencia el malestar contra el Jefe de Gabinete debido, entre otros temas, al atraso en la firma de contrataciones en \u00e1reas clave del Estado. Pero por sobre todo, se lo cuestiona por su falta de contribuci\u00f3n a la aprobaci\u00f3n de la Ley de Bases y de negociaci\u00f3n en medidas econ\u00f3micas que el Gobierno considera necesarias.<\/p>\n<p>&nbsp;<\/p>\n<p><strong>Sin Javier ni Karina Milei, Posse encabez\u00f3 una nueva reuni\u00f3n de Gabinete con varias bajas tras el show en el Luna Park<\/strong><\/p>\n<p>El jefe de Gabinete, Nicol\u00e1s Posse, encabez\u00f3 hoy una nueva reuni\u00f3n de ministros en el Sal\u00f3n Eva Per\u00f3n de Casa Rosada con varias bajas. El intercambio tuvo lugar el d\u00eda despu\u00e9s del show musical que brind\u00f3 el presidente Javier Milei en el Luna Park, en el marco de la presentaci\u00f3n de su libro Capitalismo, socialismo y la trampa neocl\u00e1sica.<\/p>\n<p>Tras el mega evento en el que el mandatario cant\u00f3 Panic Show de La Renga junto a la &#8220;banda de libertarios&#8221;, esta ma\u00f1ana evit\u00f3 dejar la quinta de Olivos y se espera que se traslade a Rosada reci\u00e9n en horas de la tarde. La secretaria General de la Presidencia, Karina Milei, tampoco dio el presente esta ma\u00f1ana en la habitual reuni\u00f3n que tiene lugar los martes y jueves de cada semana.<\/p>\n<p>El primero de los funcionarios en llegar fue Mario Russo (Salud), como estila hacerlo. Mochila en mano, se dirigi\u00f3 al sal\u00f3n desde donde aguard\u00f3 desde las 8.20 al resto de la comitiva compuesta por Luis &#8220;Toto&#8221; Caputo (Econom\u00eda), Diana Mondino (Relaciones Exteriores, Comercio Internacional y Culto), Mariano C\u00faneo Libarona (Justicia), Luis Petri (Defensa) y Patricia Bullrich (Seguridad).<\/p>\n<p>Tampoco estuvieron presentes Sandra Pettovello (Capital Humano), la vicepresidenta Victoria Villarruel ni el titular de la C\u00e1mara de Diputados, Mart\u00edn Menem, a diferencia de la reuni\u00f3n del martes de la que participaron.<\/p>\n<p>El ministro Guillermo Francos (Interior), se sum\u00f3 a minutos de las 9.30 con la reuni\u00f3n iniciada. Los cuatro asistieron anoche al show libertario en el hist\u00f3rico estadio ubicado en el barrio porte\u00f1o de San Nicol\u00e1s.<\/p>\n<p>Completaron la lista de asistentes, el Vocero Presidencial, Manuel Adorni; el Secretario de Prensa, Eduardo Serenellini; el Secretario de Legal y T\u00e9cnica, Javier Herrera Bravo, y el Secretario Ejecutivo de Gobierno de la Jefatura de Gabinete, Jos\u00e9 Rolandi.<\/p>\n","protected":false},"excerpt":{"rendered":"<p>El vocero presidencial asegur\u00f3 que el jefe de Gabinete sigue en su cargo. Hace d\u00edas se viene hablando de un cambio en los ministros y anoche Posse no estuvo el acto de Milei en el Luna Park &nbsp; &nbsp; El vocero presidencial, Manuel Adorni, neg\u00f3 cambios en el Gabinete en medio de rumores sobre una salida del jefe de Gabinete, Nicol\u00e1s Posse. &#8220;Eso no es verdad&#8221;, sentenci\u00f3 el funcionario en la conferencia de prensa en Casa Rosada y advirti\u00f3 que la reuni\u00f3n de ministros fue presidida por Posse. \u201cSe suma&#8230;<\/p>\n","protected":false},"author":3,"featured_media":114981,"comment_status":"closed","ping_status":"closed","sticky":false,"template":"","format":"standard","meta":[],"categories":[18],"tags":[],"_links":{"self":[{"href":"https:\/\/www.actualidadadiario.com\/index.php\/wp-json\/wp\/v2\/posts\/114980"}],"collection":[{"href":"https:\/\/www.actualidadadiario.com\/index.php\/wp-json\/wp\/v2\/posts"}],"about":[{"href":"https:\/\/www.actualidadadiario.com\/index.php\/wp-json\/wp\/v2\/types\/post"}],"author":[{"embeddable":true,"href":"https:\/\/www.actualidadadiario.com\/index.php\/wp-json\/wp\/v2\/users\/3"}],"replies":[{"embeddable":true,"href":"https:\/\/www.actualidadadiario.com\/index.php\/wp-json\/wp\/v2\/comments?post=114980"}],"version-history":[{"count":1,"href":"https:\/\/www.actualidadadiario.com\/index.php\/wp-json\/wp\/v2\/posts\/114980\/revisions"}],"predecessor-version":[{"id":114982,"href":"https:\/\/www.actualidadadiario.com\/index.php\/wp-json\/wp\/v2\/posts\/114980\/revisions\/114982"}],"wp:featuredmedia":[{"embeddable":true,"href":"https:\/\/www.actualidadadiario.com\/index.php\/wp-json\/wp\/v2\/media\/114981"}],"wp:attachment":[{"href":"https:\/\/www.actualidadadiario.com\/index.php\/wp-json\/wp\/v2\/media?parent=114980"}],"wp:term":[{"taxonomy":"category","embeddable":true,"href":"https:\/\/www.actualidadadiario.com\/index.php\/wp-json\/wp\/v2\/categories?post=114980"},{"taxonomy":"post_tag","embeddable":true,"href":"https:\/\/www.actualidadadiario.com\/index.php\/wp-json\/wp\/v2\/tags?post=114980"}],"curies":[{"name":"wp","href":"https:\/\/api.w.org\/{rel}","templated":true}]}}