{"id":114977,"date":"2024-05-23T13:55:34","date_gmt":"2024-05-23T16:55:34","guid":{"rendered":"https:\/\/www.actualidadadiario.com\/?p=114977"},"modified":"2024-05-23T13:55:34","modified_gmt":"2024-05-23T16:55:34","slug":"ley-bases-la-cgt-esta-en-busqueda-de-los-votos-para-que-el-proyecto-no-pase","status":"publish","type":"post","link":"https:\/\/www.actualidadadiario.com\/index.php\/2024\/05\/23\/ley-bases-la-cgt-esta-en-busqueda-de-los-votos-para-que-el-proyecto-no-pase\/","title":{"rendered":"Ley Bases: la CGT est\u00e1 en b\u00fasqueda de los votos para que el proyecto &#8220;no pase&#8221;"},"content":{"rendered":"<p style=\"text-align: center;\"><em><strong>H\u00e9ctor Daer apunt\u00f3 contra la Ley Bases que se discute en el Senado. Asegur\u00f3 que &#8220;fuimos por los pasillos del Congreso para incidir en el desarrollo pol\u00edtico&#8221;. No descart\u00f3 una nueva movilizaci\u00f3n de la CGT<\/strong><\/em><\/p>\n<p>&nbsp;<\/p>\n<p>&nbsp;<\/p>\n<p>&#8220;Estamos buscando los votos para que esta ley no pase&#8221;, asegur\u00f3 el cotitular de la Confederaci\u00f3n General del Trabajo (CGT) H\u00e9ctor Daer sobre el proyecto de reformas conocido como ley Bases, que se debate en el Senado. Adem\u00e1s, no descart\u00f3 una nueva movilizaci\u00f3n de la central obrera.<\/p>\n<p>La restituci\u00f3n del Impuesto a las Ganancias y el apartado sobre el blanqueo de capitales son unos de los principales puntos de disidencia entre los senadores. Mientras se discuten modificaciones y se espera por un borrador, el proyecto contin\u00faa sin dictamen.<\/p>\n<p>En este panorama, el l\u00edder sindical apunt\u00f3 contra los senadores de Misiones que podr\u00edan acompa\u00f1ar el proyecto del oficialismo. &#8220;Los misioneros tendr\u00e1n que resolver si siguen esperando la d\u00e1diva (del Gobierno) o se van a poner firmes&#8221;, apunt\u00f3 Daer.<\/p>\n<p>En la sede del Partido del Trabajo y la Equidad (ParTE), el l\u00edder gremial expuso en un panel titulado &#8220;Reflexiones sobre el Desarrollo, Producci\u00f3n y Trabajo. Hacia una Argentina Solidaria, Inclusiva y con Igualdad de Oportunidades&#8221;.<\/p>\n<p>&#8220;Fuimos por los pasillos del Congreso para incidir en el desarrollo pol\u00edtico y despu\u00e9s fuimos a la calle, pero hab\u00eda que organizarlo. Hab\u00eda que unificar a distintos sectores: cient\u00edficos, la cultura, inquilinos&#8221;, analiz\u00f3.<\/p>\n<p>En este sentido, Daer indic\u00f3 que &#8220;algunos en diciembre pensaban que en febrero se terminaba el Gobierno&#8221;, y, sin embargo, &#8220;en diciembre desfilaban para aprobar la ley&#8221;.<\/p>\n<p>&#8220;Se junt\u00f3 todo eso y llegamos al 24 de enero, que fue una fecha determinante para limarle toda la ley y que se terminar\u00e1 cayendo&#8221;, remarc\u00f3 el cotitular de la CGT.<\/p>\n<p>&nbsp;<\/p>\n<p><strong>La interna del peronismo<\/strong><\/p>\n<p>Por otra parte, Daer analizo el rumbo del Partido Justicialista, y no reparo en cr\u00edticas a La C\u00e1mpora por su interna con el gobernador de Buenos Aires, Axel Kicillof, quien tambi\u00e9n trabaja &#8220;para que no se apruebe la Ley Bases&#8221;.<\/p>\n<p>&#8220;Tenemos la provincia m\u00e1s importante gobernada por el peronismo y eso convierte al Gobernador en el m\u00e1s importante. No puede ser que lo estemos limando para ver si en 2025 ponemos un diputado m\u00e1s a o un diputado menos. No podemos estar jugando a eso&#8221;, cuestion\u00f3 Daer.<\/p>\n<p>&#8220;El peronismo est\u00e1 todav\u00eda buscando claridad. Perdimos identidad en t\u00e9rminos de proyecto de pa\u00eds. Lo menos que puede hacer el peronismo es cerrarse. Venimos de perder una elecci\u00f3n&#8221;, complet\u00f3 el titular del gremio de Sanidad.<\/p>\n","protected":false},"excerpt":{"rendered":"<p>H\u00e9ctor Daer apunt\u00f3 contra la Ley Bases que se discute en el Senado. Asegur\u00f3 que &#8220;fuimos por los pasillos del Congreso para incidir en el desarrollo pol\u00edtico&#8221;. No descart\u00f3 una nueva movilizaci\u00f3n de la CGT &nbsp; &nbsp; &#8220;Estamos buscando los votos para que esta ley no pase&#8221;, asegur\u00f3 el cotitular de la Confederaci\u00f3n General del Trabajo (CGT) H\u00e9ctor Daer sobre el proyecto de reformas conocido como ley Bases, que se debate en el Senado. Adem\u00e1s, no descart\u00f3 una nueva movilizaci\u00f3n de la central obrera. La restituci\u00f3n del Impuesto a las&#8230;<\/p>\n","protected":false},"author":3,"featured_media":114978,"comment_status":"closed","ping_status":"closed","sticky":false,"template":"","format":"standard","meta":[],"categories":[18],"tags":[],"_links":{"self":[{"href":"https:\/\/www.actualidadadiario.com\/index.php\/wp-json\/wp\/v2\/posts\/114977"}],"collection":[{"href":"https:\/\/www.actualidadadiario.com\/index.php\/wp-json\/wp\/v2\/posts"}],"about":[{"href":"https:\/\/www.actualidadadiario.com\/index.php\/wp-json\/wp\/v2\/types\/post"}],"author":[{"embeddable":true,"href":"https:\/\/www.actualidadadiario.com\/index.php\/wp-json\/wp\/v2\/users\/3"}],"replies":[{"embeddable":true,"href":"https:\/\/www.actualidadadiario.com\/index.php\/wp-json\/wp\/v2\/comments?post=114977"}],"version-history":[{"count":1,"href":"https:\/\/www.actualidadadiario.com\/index.php\/wp-json\/wp\/v2\/posts\/114977\/revisions"}],"predecessor-version":[{"id":114979,"href":"https:\/\/www.actualidadadiario.com\/index.php\/wp-json\/wp\/v2\/posts\/114977\/revisions\/114979"}],"wp:featuredmedia":[{"embeddable":true,"href":"https:\/\/www.actualidadadiario.com\/index.php\/wp-json\/wp\/v2\/media\/114978"}],"wp:attachment":[{"href":"https:\/\/www.actualidadadiario.com\/index.php\/wp-json\/wp\/v2\/media?parent=114977"}],"wp:term":[{"taxonomy":"category","embeddable":true,"href":"https:\/\/www.actualidadadiario.com\/index.php\/wp-json\/wp\/v2\/categories?post=114977"},{"taxonomy":"post_tag","embeddable":true,"href":"https:\/\/www.actualidadadiario.com\/index.php\/wp-json\/wp\/v2\/tags?post=114977"}],"curies":[{"name":"wp","href":"https:\/\/api.w.org\/{rel}","templated":true}]}}