{"id":114974,"date":"2024-05-23T13:54:28","date_gmt":"2024-05-23T16:54:28","guid":{"rendered":"https:\/\/www.actualidadadiario.com\/?p=114974"},"modified":"2024-05-23T13:54:28","modified_gmt":"2024-05-23T16:54:28","slug":"crece-la-tension-en-misiones-y-corrientes-gobierno-despedira-a-los-policias-que-participen-de-las-protestas","status":"publish","type":"post","link":"https:\/\/www.actualidadadiario.com\/index.php\/2024\/05\/23\/crece-la-tension-en-misiones-y-corrientes-gobierno-despedira-a-los-policias-que-participen-de-las-protestas\/","title":{"rendered":"Crece la tensi\u00f3n en Misiones y Corrientes: Gobierno despedir\u00e1 a los polic\u00edas que participen de las protestas"},"content":{"rendered":"<p style=\"text-align: center;\"><em><strong>El ministro misionero, Marcelo P\u00e9rez, asegur\u00f3 que la &#8220;sublevaci\u00f3n de polic\u00edas es inadmisible&#8221;. La ministra de Seguridad, Patricia Bullrich, tambi\u00e9n se manifest\u00f3 en contra del reclamo<\/strong><\/em><\/p>\n<p>&nbsp;<\/p>\n<p>&nbsp;<\/p>\n<p>El gobierno de Misiones advirti\u00f3 que echar\u00e1 a los polic\u00edas que participen de las protestas por reclamo salarial en la provincia: &#8220;La sublevaci\u00f3n de polic\u00edas es inadmisible&#8221;. En tanto, los reclamos tambi\u00e9n siguen en Corrientes y se agrava la situaci\u00f3n de los trabajadores de la salud y la educaci\u00f3n, que llevan adelante una jornada de paro nacional docente.<\/p>\n<p>El ministro de Gobierno de la provincia, Marcelo P\u00e9rez, brind\u00f3 declaraciones radiales y mencion\u00f3 a los despidos como una de las posibilidades dentro de las sanciones a aplicar: &#8220;Por supuesto que s\u00ed, hay una denuncia penal y esa denuncia determinar\u00e1 las responsabilidades&#8221;.<\/p>\n<p>\u201cNo pueden utilizar bienes del Estado para protestar, est\u00e1 fuera de la ley. No toda la polic\u00eda, no toda la educaci\u00f3n y no toda la salud est\u00e1 plegada al paro&#8221;. Adem\u00e1s, critic\u00f3 las acciones de protesta como los &#8220;28 m\u00f3viles policiales que fueron robados que est\u00e1n siendo utilizados para cualquier cosa menos para cumplir funciones de seguridad&#8221;.<\/p>\n<p>&nbsp;<\/p>\n<p><strong>El Gobierno de Misiones se alinea con Bullrich<\/strong><\/p>\n<p>Las declaraciones del funcionario provincial van en l\u00ednea de lo expresado por la ministra de Seguridad, Patricia Bullrich: &#8220;La polic\u00eda no puede hacer huelga, tiene que trabajar 24 por 7 por 365&#8221;.<\/p>\n<p>La ministra del gobierno de La Libertad Avanza (LLA) calific\u00f3 al reclamo como &#8220;algo inadmisible, fuera de la ley&#8221;: &#8220;Por eso nosotros habilitamos un comit\u00e9 de crisis en el que estamos apoyando con fuerzas federales el orden en las ciudades que faltan polic\u00edas para que no sufra la poblaci\u00f3n las consecuencias de esta huelga&#8221;.<\/p>\n<p>&#8220;La polic\u00eda no puede hacer huelga, tiene que trabajar 24 por 7 por 365 y tiene que tener otros canales para conseguir su salario&#8221;, explic\u00f3.<\/p>\n<p>&nbsp;<\/p>\n<p><strong>Tras rebeli\u00f3n en Misiones, las provincias aceleran paritarias y hacen cuentas para pagar aguinaldos<\/strong><\/p>\n<p>Con el Pacto de Mayo diluido y los ojos de los gobernadores puestos sobre la crisis en Misiones, las provincias ya se alistan para hacer frente al pago del medio aguinaldo correspondiente al mes de junio. En un contexto desafiante, marcado por el ajuste de Naci\u00f3n sobre las arcas distritales, las administraciones afinan el l\u00e1piz para evitar nuevos escenarios de conflictividad.<\/p>\n<p>La particularidad de la hora es que las jurisdicciones deber\u00e1n hacer frente al compromiso con los trabajadores del sector p\u00fablico mientras pulsean con los gremios en paritarias, teniendo en cuenta el esquema de acuerdos cortos adoptado por muchas gestiones para atenuar el golpe de la inflaci\u00f3n de los salarios y evitar una mayor p\u00e9rdida de poder adquisitivo.<\/p>\n<p>&nbsp;<\/p>\n<p><strong>Corrientes bajo protesta se suma al efecto Misiones<\/strong><\/p>\n<p>La crisis desatada en Misiones puso en alerta a las provincias, que empiezan a tomar recaudos para evitar un efecto contagio en la antesala de un paro nacional docente que movilizar\u00e1 a maestras y maestros de todo el pa\u00eds este jueves.<\/p>\n<p>Con los gremios estatales en alerta, los representantes de los gobernadores se sientan en las mesas paritarias y los principales argumentos giran en torno al derrumbe de los env\u00edos nacionales a las provincias, por la motosierra de Milei, y al desplome de la recaudaci\u00f3n, por la recesi\u00f3n de la econom\u00eda.<\/p>\n<p>Al gobernador correntino Gustavo Vald\u00e9s los polic\u00edas le ven\u00edan reclamando lo mismo que demandan los efectivos misioneros. Incluso hab\u00edan elevado un petitorio en el que advert\u00edan sobre la posibles \u201cacciones en conjunto ante la falta de respuesta\u201d a los reclamos salariales.<\/p>\n<p>El Sindicato \u00danico de Trabajadores de la Educaci\u00f3n de Corrientes (Suteco) solicit\u00f3 al Ministerio de Educaci\u00f3n y al de Hacienda de Corrientes urgente convocatoria a la mesa de negociaci\u00f3n salarial para debatir actualizaci\u00f3n con el haber de mayo para los docentes.<\/p>\n<p>El pedido se produjo tras la oficializaci\u00f3n del \u00edndice de inflaci\u00f3n de abril, que totaliz\u00f3 en 8,8 por ciento mensual, con una Canasta B\u00e1sica Total de 828.158 pesos.<\/p>\n<p>El gremio demand\u00f3 \u00abque el Salario Inicial, por lo menos, sea igual o supere a la L\u00ednea de Pobreza. Hoy en Corrientes el Salario B\u00e1sico docente est\u00e1 en 112.000 pesos y el Salario Inicial 437.000 pesos con los dos plus, lo cual roza la L\u00ednea de Indigencia\u00bb, explic\u00f3 el secretario general, Fernando Ram\u00edrez.<\/p>\n","protected":false},"excerpt":{"rendered":"<p>El ministro misionero, Marcelo P\u00e9rez, asegur\u00f3 que la &#8220;sublevaci\u00f3n de polic\u00edas es inadmisible&#8221;. La ministra de Seguridad, Patricia Bullrich, tambi\u00e9n se manifest\u00f3 en contra del reclamo &nbsp; &nbsp; El gobierno de Misiones advirti\u00f3 que echar\u00e1 a los polic\u00edas que participen de las protestas por reclamo salarial en la provincia: &#8220;La sublevaci\u00f3n de polic\u00edas es inadmisible&#8221;. En tanto, los reclamos tambi\u00e9n siguen en Corrientes y se agrava la situaci\u00f3n de los trabajadores de la salud y la educaci\u00f3n, que llevan adelante una jornada de paro nacional docente. El ministro de Gobierno&#8230;<\/p>\n","protected":false},"author":3,"featured_media":114975,"comment_status":"closed","ping_status":"closed","sticky":false,"template":"","format":"standard","meta":[],"categories":[18],"tags":[],"_links":{"self":[{"href":"https:\/\/www.actualidadadiario.com\/index.php\/wp-json\/wp\/v2\/posts\/114974"}],"collection":[{"href":"https:\/\/www.actualidadadiario.com\/index.php\/wp-json\/wp\/v2\/posts"}],"about":[{"href":"https:\/\/www.actualidadadiario.com\/index.php\/wp-json\/wp\/v2\/types\/post"}],"author":[{"embeddable":true,"href":"https:\/\/www.actualidadadiario.com\/index.php\/wp-json\/wp\/v2\/users\/3"}],"replies":[{"embeddable":true,"href":"https:\/\/www.actualidadadiario.com\/index.php\/wp-json\/wp\/v2\/comments?post=114974"}],"version-history":[{"count":1,"href":"https:\/\/www.actualidadadiario.com\/index.php\/wp-json\/wp\/v2\/posts\/114974\/revisions"}],"predecessor-version":[{"id":114976,"href":"https:\/\/www.actualidadadiario.com\/index.php\/wp-json\/wp\/v2\/posts\/114974\/revisions\/114976"}],"wp:featuredmedia":[{"embeddable":true,"href":"https:\/\/www.actualidadadiario.com\/index.php\/wp-json\/wp\/v2\/media\/114975"}],"wp:attachment":[{"href":"https:\/\/www.actualidadadiario.com\/index.php\/wp-json\/wp\/v2\/media?parent=114974"}],"wp:term":[{"taxonomy":"category","embeddable":true,"href":"https:\/\/www.actualidadadiario.com\/index.php\/wp-json\/wp\/v2\/categories?post=114974"},{"taxonomy":"post_tag","embeddable":true,"href":"https:\/\/www.actualidadadiario.com\/index.php\/wp-json\/wp\/v2\/tags?post=114974"}],"curies":[{"name":"wp","href":"https:\/\/api.w.org\/{rel}","templated":true}]}}