{"id":114972,"date":"2024-05-23T13:53:18","date_gmt":"2024-05-23T16:53:18","guid":{"rendered":"https:\/\/www.actualidadadiario.com\/?p=114972"},"modified":"2024-05-23T13:53:18","modified_gmt":"2024-05-23T16:53:18","slug":"francos-es-insolito-que-despues-de-cinco-meses-el-congreso-no-le-haya-dado-una-ley-al-presidente","status":"publish","type":"post","link":"https:\/\/www.actualidadadiario.com\/index.php\/2024\/05\/23\/francos-es-insolito-que-despues-de-cinco-meses-el-congreso-no-le-haya-dado-una-ley-al-presidente\/","title":{"rendered":"Francos: &#8220;Es ins\u00f3lito que despu\u00e9s de cinco meses el Congreso no le haya dado una ley al Presidente&#8221;"},"content":{"rendered":"<p style=\"text-align: center;\"><em><strong>El ministro del Interior, Guillermo Francos, cuestion\u00f3 la labor de las c\u00e1maras y pidi\u00f3 &#8220;la aprobaci\u00f3n de la ley&#8221; para solucionar los problemas de recursos provinciales<\/strong><\/em><\/p>\n<p>&nbsp;<\/p>\n<p>&nbsp;<\/p>\n<p>El ministro del Interior, Guillermo Francos, plante\u00f3 que &#8220;es ins\u00f3lito que despu\u00e9s de cinco meses el Congreso no le haya dado una ley al presidente&#8221; Javier Milei, y reclam\u00f3 la aprobaci\u00f3n de la Ley Bases para solucionar los problemas de recursos en las provincias.<\/p>\n<p>\u201cEstamos cerca, pero siempre aparecen temas que complejizan la aprobaci\u00f3n del dictamen en el Senado. Seguimos trabajando la semana que viene. Veremos si el plenario de comisiones resuelve hacer dictamen\u201d, sostuvo respecto al futuro del nuevo proyecto que envi\u00f3 el Poder Ejecutivo para desregular la econom\u00eda.<\/p>\n<p>Asimismo, en declaraciones a Splendid 990 remarc\u00f3: \u201cEs ins\u00f3lito que despu\u00e9s de cinco meses el Congreso no le haya dado una ley al presidente Milei. No tiene ning\u00fan parang\u00f3n con el resto de los presidentes. Nadie pide cheque en blanco, pero todos han tenido leyes para que tuvieran facultades\u201d.<\/p>\n<p>\u201cNo se est\u00e1 pidiendo una ley, es algo que est\u00e1n esperando muchos gobernadores para solucionar los problemas que tienen\u201d, advirti\u00f3 Francos.<\/p>\n<p>Seg\u00fan precis\u00f3 el ministro, \u201cmuchos gobierno provinciales esperan\u201d la sanci\u00f3n de la ley, por lo que cuestion\u00f3 a los sectores opositores dialoguistas que \u201cquieren desguazar la ley\u201d a trav\u00e9s de las distintas modificaciones.<\/p>\n<p>En otro pasaje destac\u00f3 la tarea de la vicepresidenta Victoria Villarruel durante las negociaciones y tom\u00f3 distancia de las cr\u00edticas al interior del Gabinete contra el titular de ministros, Nicol\u00e1s Posse.<\/p>\n<p>&nbsp;<\/p>\n<p><strong>Mercado cambiario<\/strong><\/p>\n<p>En otro pasaje de la entrevista, el funcionario plante\u00f3 que \u201cno hay preocupaci\u00f3n\u201d sobre los movimientos del d\u00f3lar blue sino que \u201cson especulaciones de mercado\u201d. \u201dSi la tasa de inter\u00e9s va a la baja, eso hace que algunos crean que tienen que invertir en moneda extranjera; tal vez la semana que viene vuelve al precio anterior\u201d, sostuvo.<\/p>\n<p>En la misma l\u00ednea, descart\u00f3 la chance de que la suba se traslade a los costos. \u201cEstamos convencidos de que la inflaci\u00f3n est\u00e1 claramente a la baja\u201c, concluy\u00f3.<\/p>\n","protected":false},"excerpt":{"rendered":"<p>El ministro del Interior, Guillermo Francos, cuestion\u00f3 la labor de las c\u00e1maras y pidi\u00f3 &#8220;la aprobaci\u00f3n de la ley&#8221; para solucionar los problemas de recursos provinciales &nbsp; &nbsp; El ministro del Interior, Guillermo Francos, plante\u00f3 que &#8220;es ins\u00f3lito que despu\u00e9s de cinco meses el Congreso no le haya dado una ley al presidente&#8221; Javier Milei, y reclam\u00f3 la aprobaci\u00f3n de la Ley Bases para solucionar los problemas de recursos en las provincias. \u201cEstamos cerca, pero siempre aparecen temas que complejizan la aprobaci\u00f3n del dictamen en el Senado. Seguimos trabajando la&#8230;<\/p>\n","protected":false},"author":3,"featured_media":113129,"comment_status":"closed","ping_status":"closed","sticky":false,"template":"","format":"standard","meta":[],"categories":[18],"tags":[],"_links":{"self":[{"href":"https:\/\/www.actualidadadiario.com\/index.php\/wp-json\/wp\/v2\/posts\/114972"}],"collection":[{"href":"https:\/\/www.actualidadadiario.com\/index.php\/wp-json\/wp\/v2\/posts"}],"about":[{"href":"https:\/\/www.actualidadadiario.com\/index.php\/wp-json\/wp\/v2\/types\/post"}],"author":[{"embeddable":true,"href":"https:\/\/www.actualidadadiario.com\/index.php\/wp-json\/wp\/v2\/users\/3"}],"replies":[{"embeddable":true,"href":"https:\/\/www.actualidadadiario.com\/index.php\/wp-json\/wp\/v2\/comments?post=114972"}],"version-history":[{"count":1,"href":"https:\/\/www.actualidadadiario.com\/index.php\/wp-json\/wp\/v2\/posts\/114972\/revisions"}],"predecessor-version":[{"id":114973,"href":"https:\/\/www.actualidadadiario.com\/index.php\/wp-json\/wp\/v2\/posts\/114972\/revisions\/114973"}],"wp:featuredmedia":[{"embeddable":true,"href":"https:\/\/www.actualidadadiario.com\/index.php\/wp-json\/wp\/v2\/media\/113129"}],"wp:attachment":[{"href":"https:\/\/www.actualidadadiario.com\/index.php\/wp-json\/wp\/v2\/media?parent=114972"}],"wp:term":[{"taxonomy":"category","embeddable":true,"href":"https:\/\/www.actualidadadiario.com\/index.php\/wp-json\/wp\/v2\/categories?post=114972"},{"taxonomy":"post_tag","embeddable":true,"href":"https:\/\/www.actualidadadiario.com\/index.php\/wp-json\/wp\/v2\/tags?post=114972"}],"curies":[{"name":"wp","href":"https:\/\/api.w.org\/{rel}","templated":true}]}}