{"id":114969,"date":"2024-05-23T13:52:35","date_gmt":"2024-05-23T16:52:35","guid":{"rendered":"https:\/\/www.actualidadadiario.com\/?p=114969"},"modified":"2024-05-23T13:52:35","modified_gmt":"2024-05-23T16:52:35","slug":"ley-de-bases-lousteau-chicaneo-al-pro-y-lo-trato-de-oficialismo","status":"publish","type":"post","link":"https:\/\/www.actualidadadiario.com\/index.php\/2024\/05\/23\/ley-de-bases-lousteau-chicaneo-al-pro-y-lo-trato-de-oficialismo\/","title":{"rendered":"Ley de Bases: Lousteau chicane\u00f3 al PRO y lo trat\u00f3 de &#8220;oficialismo&#8221;"},"content":{"rendered":"<p style=\"text-align: center;\"><em><strong>El senador nacional de la UCR pidi\u00f3 explicaciones t\u00e9cnicas del oficialismo de &#8220;La Libertad Avanza o del PRO&#8221; durante el debate en comisiones de la C\u00e1mara Alta por la Ley de Bases<\/strong><\/em><\/p>\n<p>&nbsp;<\/p>\n<p>&nbsp;<\/p>\n<p>El senador nacional de la Uni\u00f3n C\u00edvica Radical (UCR) por la Ciudad de Buenos Aires, Mart\u00edn Lousteau, marc\u00f3 distancia una vez m\u00e1s del partido presidido por el exmandatario Mauricio Macri al deslizar una iron\u00eda y tratarlo de &#8220;oficialismo&#8221; en el debate que se desarrolla en comisiones en torno a la Ley Bases.<\/p>\n<p>&#8220;Dado que no hay expertos \u00bfqui\u00e9n va a responder las preguntas t\u00e9cnicas? Son muy concretas. \u00bfQui\u00e9n del oficialismo, de La Libertad Avanza o del PRO va a responder las cuestiones t\u00e9cnicas que me preocupan?&#8221;, cuestion\u00f3 el legislador en su discurso en el que expuso diferencias con el proyecto que envi\u00f3 el ejecutivo.<\/p>\n<p>Y continu\u00f3: &#8220;Necesitamos entender si la concepci\u00f3n del blanqueo y del r\u00e9gimen especial de impuestos a los bienes personales es esta. Un blanqueo para los m\u00e1s ricos de los m\u00e1s ricos. Una estabilidad tributaria para los m\u00e1s ricos de los ricos y absolutamente nada para el que estuvo cumpliendo en este pa\u00eds, que te atiborra y te ahoga en impuestos&#8221;.<\/p>\n<p>Las diferencias entre el titular de la UCR nacional y el PRO son expl\u00edcitas incluso dentro del marco de elecciones, escenario en el que el propio dirigente porte\u00f1o compiti\u00f3 como precandidato a jefe de Gobierno con el actual mandatario comunal Jorge Macri y le neg\u00f3 su apoyo p\u00fablico de cara a los comicios generales.<\/p>\n<p>Adem\u00e1s, las tensiones entre Lousteau y Mauricio Macri crecieron en los \u00faltimos a\u00f1os. La posici\u00f3n del legislador radical de no acompa\u00f1ar al ala libertaria en contra de Uni\u00f3n por la Patria, fue uno de los detonantes del distanciamiento y la ruptura de Juntos por el Cambio.<\/p>\n","protected":false},"excerpt":{"rendered":"<p>El senador nacional de la UCR pidi\u00f3 explicaciones t\u00e9cnicas del oficialismo de &#8220;La Libertad Avanza o del PRO&#8221; durante el debate en comisiones de la C\u00e1mara Alta por la Ley de Bases &nbsp; &nbsp; El senador nacional de la Uni\u00f3n C\u00edvica Radical (UCR) por la Ciudad de Buenos Aires, Mart\u00edn Lousteau, marc\u00f3 distancia una vez m\u00e1s del partido presidido por el exmandatario Mauricio Macri al deslizar una iron\u00eda y tratarlo de &#8220;oficialismo&#8221; en el debate que se desarrolla en comisiones en torno a la Ley Bases. &#8220;Dado que no hay&#8230;<\/p>\n","protected":false},"author":3,"featured_media":114970,"comment_status":"closed","ping_status":"closed","sticky":false,"template":"","format":"standard","meta":[],"categories":[18],"tags":[],"_links":{"self":[{"href":"https:\/\/www.actualidadadiario.com\/index.php\/wp-json\/wp\/v2\/posts\/114969"}],"collection":[{"href":"https:\/\/www.actualidadadiario.com\/index.php\/wp-json\/wp\/v2\/posts"}],"about":[{"href":"https:\/\/www.actualidadadiario.com\/index.php\/wp-json\/wp\/v2\/types\/post"}],"author":[{"embeddable":true,"href":"https:\/\/www.actualidadadiario.com\/index.php\/wp-json\/wp\/v2\/users\/3"}],"replies":[{"embeddable":true,"href":"https:\/\/www.actualidadadiario.com\/index.php\/wp-json\/wp\/v2\/comments?post=114969"}],"version-history":[{"count":1,"href":"https:\/\/www.actualidadadiario.com\/index.php\/wp-json\/wp\/v2\/posts\/114969\/revisions"}],"predecessor-version":[{"id":114971,"href":"https:\/\/www.actualidadadiario.com\/index.php\/wp-json\/wp\/v2\/posts\/114969\/revisions\/114971"}],"wp:featuredmedia":[{"embeddable":true,"href":"https:\/\/www.actualidadadiario.com\/index.php\/wp-json\/wp\/v2\/media\/114970"}],"wp:attachment":[{"href":"https:\/\/www.actualidadadiario.com\/index.php\/wp-json\/wp\/v2\/media?parent=114969"}],"wp:term":[{"taxonomy":"category","embeddable":true,"href":"https:\/\/www.actualidadadiario.com\/index.php\/wp-json\/wp\/v2\/categories?post=114969"},{"taxonomy":"post_tag","embeddable":true,"href":"https:\/\/www.actualidadadiario.com\/index.php\/wp-json\/wp\/v2\/tags?post=114969"}],"curies":[{"name":"wp","href":"https:\/\/api.w.org\/{rel}","templated":true}]}}