{"id":114966,"date":"2024-05-23T13:51:08","date_gmt":"2024-05-23T16:51:08","guid":{"rendered":"https:\/\/www.actualidadadiario.com\/?p=114966"},"modified":"2024-05-23T13:51:26","modified_gmt":"2024-05-23T16:51:26","slug":"tras-su-show-en-el-luna-park-javier-milei-inicia-una-nueva-gira","status":"publish","type":"post","link":"https:\/\/www.actualidadadiario.com\/index.php\/2024\/05\/23\/tras-su-show-en-el-luna-park-javier-milei-inicia-una-nueva-gira\/","title":{"rendered":"Tras su &#8220;show&#8221; en el Luna Park, Javier Milei inicia una nueva gira"},"content":{"rendered":"<p style=\"text-align: center;\"><em><strong>El recorrido del presidente volver\u00e1 a incluir Estados Unidos y Espa\u00f1a, en medio de la creciente tensi\u00f3n diplom\u00e1tica con Pedro S\u00e1nchez. Una visita a Bukele y la cumbre del G7, otras de las paradas<\/strong><\/em><\/p>\n<p>&nbsp;<\/p>\n<p>&nbsp;<\/p>\n<p>El presidente de la Naci\u00f3n Javier Milei confirm\u00f3 una serie de viajes en el corto plazo que lo llevar\u00e1n nuevamente a Europa y los Estados Unidos, adem\u00e1s de una escala en El Salvador.<\/p>\n<p>Lejos qued\u00f3 la decisi\u00f3n de posponer los viajes ante la realidad del pa\u00eds que hab\u00eda adoptado Milei tras su asunci\u00f3n el 10 de diciembre de 2023. A cinco meses de gesti\u00f3n, el mandatario cuenta con una amplia agenda internacional que incluye compromisos de distinta \u00edndole.<\/p>\n<p>En una primera parada, volver\u00e1 a finales de mayo a Estados Unidos, y a principios de junio dar\u00e1 el presente en la renovaci\u00f3n del mando de Nayib Bukele en El Salvador, asistir\u00e1 a la Cumbre del G7 en Italia, y recibir\u00e1 premios en Espa\u00f1a y Alemania.<\/p>\n<p>Durante su viaje a Madrid, el segundo con el avi\u00f3n ARG 01, el presidente confirm\u00f3 su quinta visita a Estados Unidos y la s\u00e9ptima partida al exterior desde su asunci\u00f3n.<\/p>\n<p>Su intenci\u00f3n es reunirse el director de Meta, Mark Zuckerberg, y asistir el 30 del mayo a la reuni\u00f3n tecnol\u00f3gica en Silicon Valley, zona sur del \u00c1rea de la Bah\u00eda de San Francisco.<\/p>\n<p>Entre los eventos de la agenda presidencial figuran reuniones con representantes de OpenAI, Apple, Google de Alphabet, entre otras firmas de la industria tecnol\u00f3gica.<\/p>\n<p>El 1\u00b0 de junio, Milei tiene previsto presencial el acto de renovaci\u00f3n del mando de Bukele en El Salvador, quien fue reelecto con el 85% de los votos por sobre Manuel Flores, aspirante del FLMN, y conquist\u00f3 58 de 60 diputados de la Asamblea Legislativa.<\/p>\n<p>&nbsp;<\/p>\n<p><strong>El retorno a Europa: G7 y premios<\/strong><\/p>\n<p>En junio, el jefe de Estado visitar\u00e1 Borgo Egnazia, Italia, para participar de la Cumbre del Grupo de los 7, conformado por Estados Unidos, Alemania, Jap\u00f3n, Canad\u00e1, Francia, Reino Unido e Italia que sesionar\u00e1 entre el 13 y el 15 de junio.<\/p>\n<p>Tras la invitaci\u00f3n de la titular del Consejo de Ministros de Italia, Giorgia Meloni, el mandatario podr\u00eda volver a encontrarse con el Papa Francisco en el antiguo pueblo costero del sur italiano tras su cita de reconciliaci\u00f3n que protagonizaron el 12 de febrero.<\/p>\n<p>A pesar de la escalada de conflicto con su par de Espa\u00f1a, Pedro S\u00e1nchez, el presidente tiene previsto regresar a Madrid a mediados de junio para ser premiado por el Instituto Juan de Mariana. Lo har\u00e1 el 21 del mes, en el marco de la Cena de la Libertad que tendr\u00e1 lugar en el Casino de Madrid, durante la Semana de la Libertad.<\/p>\n<p>Luego de las acusaciones de corrupci\u00f3n contra Bego\u00f1a G\u00f3mez, la esposa de S\u00e1nchez que pronunci\u00f3 el libertario durante su exposici\u00f3n en el acto de Vox, desde Casa Rosada dan por confirmada una nueva visita a Madrid.<\/p>\n<p>Si bien la agenda del viaje del mandatario a\u00fan no est\u00e1 cerrada, desde la administraci\u00f3n libertaria descartan la posibilidad de un encuentro bilateral con el referente del PSOE ni con alguno de sus ministros.<\/p>\n<p>Como \u00faltima parada, la comitiva libertaria tiene previsto desembarcar el 22 de junio en Hamburgo, Alemania, donde su m\u00e1ximo exponente ser\u00e1 galardonado con la medalla Hayek, que se otorga en referencia al Nobel de econom\u00eda Frederic von Hayek.<\/p>\n<p>Se trata de un reconocimiento &#8220;por la lucha de la noble causa de la libertad, batalla que ha presentado Milei en el plano acad\u00e9mico y ahora en el plano pol\u00edtico&#8221;. El mandatario tiene intenci\u00f3n de aprovechar el viaje para concretar una reuni\u00f3n con el canciller alem\u00e1n, Olaff Scholz.<\/p>\n","protected":false},"excerpt":{"rendered":"<p>El recorrido del presidente volver\u00e1 a incluir Estados Unidos y Espa\u00f1a, en medio de la creciente tensi\u00f3n diplom\u00e1tica con Pedro S\u00e1nchez. Una visita a Bukele y la cumbre del G7, otras de las paradas &nbsp; &nbsp; El presidente de la Naci\u00f3n Javier Milei confirm\u00f3 una serie de viajes en el corto plazo que lo llevar\u00e1n nuevamente a Europa y los Estados Unidos, adem\u00e1s de una escala en El Salvador. Lejos qued\u00f3 la decisi\u00f3n de posponer los viajes ante la realidad del pa\u00eds que hab\u00eda adoptado Milei tras su asunci\u00f3n el&#8230;<\/p>\n","protected":false},"author":3,"featured_media":114968,"comment_status":"closed","ping_status":"closed","sticky":false,"template":"","format":"standard","meta":[],"categories":[9],"tags":[],"_links":{"self":[{"href":"https:\/\/www.actualidadadiario.com\/index.php\/wp-json\/wp\/v2\/posts\/114966"}],"collection":[{"href":"https:\/\/www.actualidadadiario.com\/index.php\/wp-json\/wp\/v2\/posts"}],"about":[{"href":"https:\/\/www.actualidadadiario.com\/index.php\/wp-json\/wp\/v2\/types\/post"}],"author":[{"embeddable":true,"href":"https:\/\/www.actualidadadiario.com\/index.php\/wp-json\/wp\/v2\/users\/3"}],"replies":[{"embeddable":true,"href":"https:\/\/www.actualidadadiario.com\/index.php\/wp-json\/wp\/v2\/comments?post=114966"}],"version-history":[{"count":1,"href":"https:\/\/www.actualidadadiario.com\/index.php\/wp-json\/wp\/v2\/posts\/114966\/revisions"}],"predecessor-version":[{"id":114967,"href":"https:\/\/www.actualidadadiario.com\/index.php\/wp-json\/wp\/v2\/posts\/114966\/revisions\/114967"}],"wp:featuredmedia":[{"embeddable":true,"href":"https:\/\/www.actualidadadiario.com\/index.php\/wp-json\/wp\/v2\/media\/114968"}],"wp:attachment":[{"href":"https:\/\/www.actualidadadiario.com\/index.php\/wp-json\/wp\/v2\/media?parent=114966"}],"wp:term":[{"taxonomy":"category","embeddable":true,"href":"https:\/\/www.actualidadadiario.com\/index.php\/wp-json\/wp\/v2\/categories?post=114966"},{"taxonomy":"post_tag","embeddable":true,"href":"https:\/\/www.actualidadadiario.com\/index.php\/wp-json\/wp\/v2\/tags?post=114966"}],"curies":[{"name":"wp","href":"https:\/\/api.w.org\/{rel}","templated":true}]}}