{"id":114963,"date":"2024-05-23T12:17:09","date_gmt":"2024-05-23T15:17:09","guid":{"rendered":"https:\/\/www.actualidadadiario.com\/?p=114963"},"modified":"2024-05-23T12:17:09","modified_gmt":"2024-05-23T15:17:09","slug":"la-revista-time-puso-a-javier-milei-en-su-tapa-y-advirtio-sobre-el-brutal-ajuste","status":"publish","type":"post","link":"https:\/\/www.actualidadadiario.com\/index.php\/2024\/05\/23\/la-revista-time-puso-a-javier-milei-en-su-tapa-y-advirtio-sobre-el-brutal-ajuste\/","title":{"rendered":"La revista Time puso a Javier Milei en su tapa y advirti\u00f3 sobre el &#8220;brutal ajuste&#8221;"},"content":{"rendered":"<p style=\"text-align: center;\"><em><strong>Tras su presentaci\u00f3n en el Luna Park, el mandatario protagoniz\u00f3 la revista internacional: &#8220;El radical: c\u00f3mo Javier Milei est\u00e1 shockeando el mundo&#8221;<\/strong><\/em><\/p>\n<p>&nbsp;<\/p>\n<p>&nbsp;<\/p>\n<p>Luego de la presentaci\u00f3n de su libro en el estadio Luna Park, el presidente Javier Milei protagoniz\u00f3 este jueves la tapa de la revista Time: &#8220;El radical: c\u00f3mo Javier Milei est\u00e1 shockeando el mundo&#8221;. El medio internacional llev\u00f3 a cabo una entrevista con el mandatario y advirti\u00f3 sobre el &#8220;brutal ajuste&#8221;.<\/p>\n<p>Time entrevist\u00f3 y fotografi\u00f3 a Javier Milei en su despacho ubicado en Casa Rosada: en la imagen que encabeza la nota se lo puede ver al Presidente en su escritorio junto a libros econ\u00f3micos y pol\u00edticos y su nuevo texto de referencia &#8220;Capitalismo, socialismo y la trampa neocl\u00e1sica&#8221;.<\/p>\n<p>&#8220;El presidente Javier Milei odia su nueva oficina. La Casa Rosada, con su hist\u00f3rico sill\u00f3n azul y sus paredes con paneles ornamentados, se siente contaminada por sus predecesores, quienes, en su opini\u00f3n, llevaron a Argentina a la ruina&#8221;, describe la revista al comienzo de la nota.<\/p>\n<p>Y agrega: &#8220;Pero hay un detalle que a Milei le encanta. Grabado en la repisa de una chimenea hay un le\u00f3n de bronce, el animal que adopt\u00f3 como s\u00edmbolo durante su vertiginoso ascenso al poder. Al mostrarme el vasto espacio del segundo piso, Milei se\u00f1ala una foto ampliada del le\u00f3n, apoyada en su escritorio como un t\u00f3tem de su destino. &#8216;\u00c9l me estaba esperando aqu\u00ed'&#8221;.<\/p>\n<p>&#8220;Desde que asumi\u00f3 el cargo, Milei, de 53 a\u00f1os, ha congelado proyectos de obras p\u00fablicas, ha devaluado el peso en m\u00e1s del 50% y ha anunciado planes para despedir a m\u00e1s de 70.000 trabajadores gubernamentales. Hasta ahora, ve se\u00f1ales de que su \u201cterapia de shock\u201d econ\u00f3mica est\u00e1 funcionando&#8221;, analiza la autora del texto en otro pasaje de la nota.<\/p>\n<p>El presidente libertario, por su parte, poste\u00f3 la imagen y la acompa\u00f1o de uno de sus lemas desde que lleg\u00f3 a la presidencia: &#8220;Fen\u00f3meno barrial&#8221;.<\/p>\n<p>&nbsp;<\/p>\n<p><strong>La entrevista de Milei con la revista Time<\/strong><\/p>\n<p>La periodista, adem\u00e1s de realizar un an\u00e1lisis sobre la gesti\u00f3n del libertario que asumi\u00f3 el pasado 10 de diciembre, revela declaraciones brindadas por el Presidente: &#8220;Milei cree que es pionero en un enfoque que se convertir\u00e1 en un plan global. &#8216;Argentina se convertir\u00e1 en un modelo de c\u00f3mo transformar un pa\u00eds en una naci\u00f3n pr\u00f3spera&#8217;, me dice. &#8216;No tengo duda&#8217;.<\/p>\n<p>En ese sentido, la autora se\u00f1ala que &#8220;es posible que a Milei se le est\u00e9 acabando el tiempo antes de que su apoyo popular se desmorone. &#8216;Todo el mundo sab\u00eda que el costo ser\u00eda enorme&#8217;, dice la ministra de Relaciones Exteriores de Argentina, Diana Mondino, una asesora cercana. &#8216;Lo que estamos viviendo no le gusta a nadie. Pero no hay otra manera'&#8221;.<\/p>\n<p>&nbsp;<\/p>\n<p><strong>C\u00f3mo es reunirse con Milei: los detalles de la revista Time<\/strong><\/p>\n<p>El medio internacional detalla c\u00f3mo se gestiona una entrevista con el actual jefe de Estado. &#8220;Para reunirse con Milei, hay que pasar por la persona a la que llama El Jefe , la jefa: su hermana. El d\u00eda de nuestra entrevista, Karina Milei, con chanclas plateadas con lentejuelas, custodiaba la puerta de la oficina del Presidente antes de permitirme entrar. Karina, de 52 a\u00f1os, es una extarotista que hasta hace unos a\u00f1os vend\u00eda pasteles en Instagram. Ahora ella controla con qu\u00e9 periodistas habla su hermano, qu\u00e9 fotos de \u00e9l se publican y, seg\u00fan se informa, qu\u00e9 ministros del gabinete son contratados y despedidos&#8221;, se\u00f1ala.<\/p>\n","protected":false},"excerpt":{"rendered":"<p>Tras su presentaci\u00f3n en el Luna Park, el mandatario protagoniz\u00f3 la revista internacional: &#8220;El radical: c\u00f3mo Javier Milei est\u00e1 shockeando el mundo&#8221; &nbsp; &nbsp; Luego de la presentaci\u00f3n de su libro en el estadio Luna Park, el presidente Javier Milei protagoniz\u00f3 este jueves la tapa de la revista Time: &#8220;El radical: c\u00f3mo Javier Milei est\u00e1 shockeando el mundo&#8221;. El medio internacional llev\u00f3 a cabo una entrevista con el mandatario y advirti\u00f3 sobre el &#8220;brutal ajuste&#8221;. Time entrevist\u00f3 y fotografi\u00f3 a Javier Milei en su despacho ubicado en Casa Rosada: en&#8230;<\/p>\n","protected":false},"author":3,"featured_media":114964,"comment_status":"closed","ping_status":"closed","sticky":false,"template":"","format":"standard","meta":[],"categories":[9],"tags":[],"_links":{"self":[{"href":"https:\/\/www.actualidadadiario.com\/index.php\/wp-json\/wp\/v2\/posts\/114963"}],"collection":[{"href":"https:\/\/www.actualidadadiario.com\/index.php\/wp-json\/wp\/v2\/posts"}],"about":[{"href":"https:\/\/www.actualidadadiario.com\/index.php\/wp-json\/wp\/v2\/types\/post"}],"author":[{"embeddable":true,"href":"https:\/\/www.actualidadadiario.com\/index.php\/wp-json\/wp\/v2\/users\/3"}],"replies":[{"embeddable":true,"href":"https:\/\/www.actualidadadiario.com\/index.php\/wp-json\/wp\/v2\/comments?post=114963"}],"version-history":[{"count":1,"href":"https:\/\/www.actualidadadiario.com\/index.php\/wp-json\/wp\/v2\/posts\/114963\/revisions"}],"predecessor-version":[{"id":114965,"href":"https:\/\/www.actualidadadiario.com\/index.php\/wp-json\/wp\/v2\/posts\/114963\/revisions\/114965"}],"wp:featuredmedia":[{"embeddable":true,"href":"https:\/\/www.actualidadadiario.com\/index.php\/wp-json\/wp\/v2\/media\/114964"}],"wp:attachment":[{"href":"https:\/\/www.actualidadadiario.com\/index.php\/wp-json\/wp\/v2\/media?parent=114963"}],"wp:term":[{"taxonomy":"category","embeddable":true,"href":"https:\/\/www.actualidadadiario.com\/index.php\/wp-json\/wp\/v2\/categories?post=114963"},{"taxonomy":"post_tag","embeddable":true,"href":"https:\/\/www.actualidadadiario.com\/index.php\/wp-json\/wp\/v2\/tags?post=114963"}],"curies":[{"name":"wp","href":"https:\/\/api.w.org\/{rel}","templated":true}]}}