{"id":114959,"date":"2024-05-23T12:10:59","date_gmt":"2024-05-23T15:10:59","guid":{"rendered":"https:\/\/www.actualidadadiario.com\/?p=114959"},"modified":"2024-05-23T12:11:16","modified_gmt":"2024-05-23T15:11:16","slug":"rige-el-paro-nacional-docente-en-todos-los-niveles-educativos","status":"publish","type":"post","link":"https:\/\/www.actualidadadiario.com\/index.php\/2024\/05\/23\/rige-el-paro-nacional-docente-en-todos-los-niveles-educativos\/","title":{"rendered":"Rige el paro nacional docente en todos los niveles educativos"},"content":{"rendered":"<p style=\"text-align: center;\"><em><strong>Los gremios decidieron hacer un paro docente en reclamo de aumentos salariales y la restituci\u00f3n del FONID. Habr\u00e1 concentraci\u00f3n frente al Congreso<\/strong><\/em><\/p>\n<p>&nbsp;<\/p>\n<p>&nbsp;<\/p>\n<p>Los sindicatos docentes convocaron a un nuevo paro nacional en todos los niveles del sistema educativo. La medida de fuerza, que comenz\u00f3 a medianoche, es en reclamo de la reapertura de paritarias y la restituci\u00f3n del Fondo Nacional de Incentivo Docente (FONID), que fue eliminado a principios de marzo, junto a los subsidios al transporte.<\/p>\n<p>El fondo fue creado en 1998, con la intenci\u00f3n de equilibrar los sueldos, y representaba entre el 10% y el 20% del sueldo total de todos los profesores y maestros del pa\u00eds.<\/p>\n<p>&nbsp;<\/p>\n<p><strong>Paro nacional docente<\/strong><\/p>\n<p>La medida de fuerza es impulsada la CTERA, de la CTA de los Trabajadores, y por los cuatro gremios docentes que responden a la CGT: UMET, CEA, UDA y SADOP.<\/p>\n<p>Todos reclaman mejoras salariales, restituci\u00f3n del FONID y un aumento de presupuesto en las escuelas y universidades del pa\u00eds. Adem\u00e1s, insisten con la reincorporaci\u00f3n de los empleados desvinculados de sus puestos de trabajo en la administraci\u00f3n p\u00fablica, desde la asunci\u00f3n de Javier Milei como presidente el 10 de diciembre.<\/p>\n<p>Las organizaciones sindicales prev\u00e9n una concentraci\u00f3n al frente del Congreso Nacional, mientras las comisiones de Educaci\u00f3n y Presupuesto y Hacienda discuten proyectos para aumentar las partidas universitarias.<\/p>\n<p>El debate comenzar\u00e1 a partir de las 14, tras la aprobaci\u00f3n de dar lugar el proyecto que declara la emergencia presupuestaria universitaria, como tambi\u00e9n la creaci\u00f3n de los reg\u00edmenes de protecci\u00f3n al financiamiento educativo en todo el pa\u00eds.<\/p>\n<p>&nbsp;<\/p>\n<p><strong>Ca\u00edda de empleo: se cerraron 275.000 cuentas sueldo en el primer trimestre<\/strong><\/p>\n<p>Un informe de Entidades Financieras del BCRA arroj\u00f3 que hubo 274.311 cuentas sueldo que no recibieron ning\u00fan tipo de dinero, en relaci\u00f3n con diciembre de 2023. La cifra equivale a un 2% y 3% de las cuentas de bancos privados y estatales de todo el pa\u00eds.<\/p>\n<p>Seg\u00fan el mismo estudio, las cuentas registraron movimientos en alza durante los \u00faltimos meses de 2023, una situaci\u00f3n que cambi\u00f3 fuertemente de tendencia a partir del 2024, tras las pol\u00edticas de ajuste y la recesi\u00f3n.<\/p>\n","protected":false},"excerpt":{"rendered":"<p>Los gremios decidieron hacer un paro docente en reclamo de aumentos salariales y la restituci\u00f3n del FONID. Habr\u00e1 concentraci\u00f3n frente al Congreso &nbsp; &nbsp; Los sindicatos docentes convocaron a un nuevo paro nacional en todos los niveles del sistema educativo. La medida de fuerza, que comenz\u00f3 a medianoche, es en reclamo de la reapertura de paritarias y la restituci\u00f3n del Fondo Nacional de Incentivo Docente (FONID), que fue eliminado a principios de marzo, junto a los subsidios al transporte. El fondo fue creado en 1998, con la intenci\u00f3n de equilibrar&#8230;<\/p>\n","protected":false},"author":3,"featured_media":41313,"comment_status":"closed","ping_status":"closed","sticky":false,"template":"","format":"standard","meta":[],"categories":[2],"tags":[],"_links":{"self":[{"href":"https:\/\/www.actualidadadiario.com\/index.php\/wp-json\/wp\/v2\/posts\/114959"}],"collection":[{"href":"https:\/\/www.actualidadadiario.com\/index.php\/wp-json\/wp\/v2\/posts"}],"about":[{"href":"https:\/\/www.actualidadadiario.com\/index.php\/wp-json\/wp\/v2\/types\/post"}],"author":[{"embeddable":true,"href":"https:\/\/www.actualidadadiario.com\/index.php\/wp-json\/wp\/v2\/users\/3"}],"replies":[{"embeddable":true,"href":"https:\/\/www.actualidadadiario.com\/index.php\/wp-json\/wp\/v2\/comments?post=114959"}],"version-history":[{"count":1,"href":"https:\/\/www.actualidadadiario.com\/index.php\/wp-json\/wp\/v2\/posts\/114959\/revisions"}],"predecessor-version":[{"id":114960,"href":"https:\/\/www.actualidadadiario.com\/index.php\/wp-json\/wp\/v2\/posts\/114959\/revisions\/114960"}],"wp:featuredmedia":[{"embeddable":true,"href":"https:\/\/www.actualidadadiario.com\/index.php\/wp-json\/wp\/v2\/media\/41313"}],"wp:attachment":[{"href":"https:\/\/www.actualidadadiario.com\/index.php\/wp-json\/wp\/v2\/media?parent=114959"}],"wp:term":[{"taxonomy":"category","embeddable":true,"href":"https:\/\/www.actualidadadiario.com\/index.php\/wp-json\/wp\/v2\/categories?post=114959"},{"taxonomy":"post_tag","embeddable":true,"href":"https:\/\/www.actualidadadiario.com\/index.php\/wp-json\/wp\/v2\/tags?post=114959"}],"curies":[{"name":"wp","href":"https:\/\/api.w.org\/{rel}","templated":true}]}}