{"id":114952,"date":"2024-05-23T12:08:42","date_gmt":"2024-05-23T15:08:42","guid":{"rendered":"https:\/\/www.actualidadadiario.com\/?p=114952"},"modified":"2024-05-23T12:08:42","modified_gmt":"2024-05-23T15:08:42","slug":"tierra-del-fuego-aseguran-que-los-aumentos-al-gas-comercial-llegan-al-1-600","status":"publish","type":"post","link":"https:\/\/www.actualidadadiario.com\/index.php\/2024\/05\/23\/tierra-del-fuego-aseguran-que-los-aumentos-al-gas-comercial-llegan-al-1-600\/","title":{"rendered":"Tierra del Fuego: aseguran que los aumentos al gas comercial llegan al 1.600%"},"content":{"rendered":"<p style=\"text-align: center;\"><em><strong>As\u00ed lo afirm\u00f3 Luis Schreiber, referente del Centro de Almaceneros de R\u00edo Grande<\/strong><\/em><\/p>\n<p>&nbsp;<\/p>\n<p>&nbsp;<\/p>\n<p>El referente del Centro de Almaceneros de R\u00edo Grande, Luis Schreiber, afirm\u00f3 que \u201ca algunos comercios les lleg\u00f3 una factura con m\u00e1s del 1.600% de aumento\u201d.\u00a0 Y dijo que \u201ctoda la provincia tiene que estar unida en el reclamo\u201d, por el aumento de tarifas.<\/p>\n<p>Al respecto, destac\u00f3: \u201ccreo que la poblaci\u00f3n se dio cuenta de que si no revertimos esta situaci\u00f3n, es para cerrar las puertas e irse porque no va haber comercio o deporte que exista, con estas tarifas no se puede trabajar\u201d.<\/p>\n<p>Consultado por la dolarizaci\u00f3n del gas, dijo que \u201cse entiende que eso quieren hacer, llevar el gas a un precio internacional, al precio de mercado, cuando es un recurso que extraemos de ac\u00e1 y que nosotros lo vamos a tener que pagar al precio que est\u00e1 en la bolsa, por lo tanto mi pregunta es: \u00bfA beneficio de qui\u00e9n?, dado que si lo nuestro es para nosotros, me parece que deber\u00edamos aprovechar lo nuestro y luego vender el excedente, pero al parecer ellos tienen otra idea\u201d, sentenci\u00f3.<\/p>\n<p>Asimismo expres\u00f3 que \u201ctenemos que pensar en retrotraer esta situaci\u00f3n porque no hay posibilidad de seguir trabajando con estos aumentos, si queremos tarifas internacionales, tenemos que estar pagando sueldos internacionales\u201d, explic\u00f3 en declaraciones a FM del Pueblo, recogidas este jueves por el diario Provincia 23.<\/p>\n<p>&nbsp;<\/p>\n<p><strong>La baja de la inflaci\u00f3n y el aumento de la pobreza<\/strong><\/p>\n<p>Sobre el discurso del Gobierno Nacional con relaci\u00f3n a la baja en los precios y la inflaci\u00f3n, Schreiber opin\u00f3 que \u201cla realidad que se vive es otra, si bajan los precios es porque el comercio se est\u00e1 yendo o porque tiene productos pr\u00f3ximos a vencer\u201d.<\/p>\n<p>Por \u00faltimo, manifest\u00f3 que \u201clamentablemente cada vez hay m\u00e1s gente revisando los containers afuera de los supermercados, sinceramente se est\u00e1 viviendo una situaci\u00f3n cr\u00edtica\u201d<\/p>\n","protected":false},"excerpt":{"rendered":"<p>As\u00ed lo afirm\u00f3 Luis Schreiber, referente del Centro de Almaceneros de R\u00edo Grande &nbsp; &nbsp; El referente del Centro de Almaceneros de R\u00edo Grande, Luis Schreiber, afirm\u00f3 que \u201ca algunos comercios les lleg\u00f3 una factura con m\u00e1s del 1.600% de aumento\u201d.\u00a0 Y dijo que \u201ctoda la provincia tiene que estar unida en el reclamo\u201d, por el aumento de tarifas. Al respecto, destac\u00f3: \u201ccreo que la poblaci\u00f3n se dio cuenta de que si no revertimos esta situaci\u00f3n, es para cerrar las puertas e irse porque no va haber comercio o deporte&#8230;<\/p>\n","protected":false},"author":3,"featured_media":114953,"comment_status":"closed","ping_status":"closed","sticky":false,"template":"","format":"standard","meta":[],"categories":[2],"tags":[],"_links":{"self":[{"href":"https:\/\/www.actualidadadiario.com\/index.php\/wp-json\/wp\/v2\/posts\/114952"}],"collection":[{"href":"https:\/\/www.actualidadadiario.com\/index.php\/wp-json\/wp\/v2\/posts"}],"about":[{"href":"https:\/\/www.actualidadadiario.com\/index.php\/wp-json\/wp\/v2\/types\/post"}],"author":[{"embeddable":true,"href":"https:\/\/www.actualidadadiario.com\/index.php\/wp-json\/wp\/v2\/users\/3"}],"replies":[{"embeddable":true,"href":"https:\/\/www.actualidadadiario.com\/index.php\/wp-json\/wp\/v2\/comments?post=114952"}],"version-history":[{"count":1,"href":"https:\/\/www.actualidadadiario.com\/index.php\/wp-json\/wp\/v2\/posts\/114952\/revisions"}],"predecessor-version":[{"id":114954,"href":"https:\/\/www.actualidadadiario.com\/index.php\/wp-json\/wp\/v2\/posts\/114952\/revisions\/114954"}],"wp:featuredmedia":[{"embeddable":true,"href":"https:\/\/www.actualidadadiario.com\/index.php\/wp-json\/wp\/v2\/media\/114953"}],"wp:attachment":[{"href":"https:\/\/www.actualidadadiario.com\/index.php\/wp-json\/wp\/v2\/media?parent=114952"}],"wp:term":[{"taxonomy":"category","embeddable":true,"href":"https:\/\/www.actualidadadiario.com\/index.php\/wp-json\/wp\/v2\/categories?post=114952"},{"taxonomy":"post_tag","embeddable":true,"href":"https:\/\/www.actualidadadiario.com\/index.php\/wp-json\/wp\/v2\/tags?post=114952"}],"curies":[{"name":"wp","href":"https:\/\/api.w.org\/{rel}","templated":true}]}}