{"id":114947,"date":"2024-05-23T12:07:00","date_gmt":"2024-05-23T15:07:00","guid":{"rendered":"https:\/\/www.actualidadadiario.com\/?p=114947"},"modified":"2024-05-23T12:07:00","modified_gmt":"2024-05-23T15:07:00","slug":"se-derrumba-la-actividad-economica-cayo-84-en-marzo","status":"publish","type":"post","link":"https:\/\/www.actualidadadiario.com\/index.php\/2024\/05\/23\/se-derrumba-la-actividad-economica-cayo-84-en-marzo\/","title":{"rendered":"Se derrumba la actividad econ\u00f3mica: cay\u00f3 8,4% en marzo"},"content":{"rendered":"<p style=\"text-align: center;\"><em><strong>As\u00ed lo calcul\u00f3 el Indec a trav\u00e9s de su estimador mensual. Hubo bajas en nueve de los 15 sectores relevados. Construcci\u00f3n, industria y comercio, los m\u00e1s afectados<\/strong><\/em><\/p>\n<p>&nbsp;<\/p>\n<p>&nbsp;<\/p>\n<p>La actividad econ\u00f3mica se derrumb\u00f3 8,4% interanual en el mes de marzo, seg\u00fan el estimador mensual (EMAE) publicado este mi\u00e9rcoles por el Indec. De esa manera, en el acumulado del a\u00f1o el nivel de la actividad decay\u00f3 5,3% con relaci\u00f3n al primer trimestre de 2023.<\/p>\n<p>El dato no s\u00f3lo es negativo en comparaci\u00f3n al a\u00f1o pasado, sino con el mes anterior, ya que la medici\u00f3n desestacionalizada arroj\u00f3 una ca\u00edda de 1,4% con respecto a febrero, lo que indica que la tendencia podr\u00eda haber seguido profundiz\u00e1ndose en el per\u00edodo siguiente.<\/p>\n<p>Los n\u00fameros reflejan el profundo retroceso de la actividad, causado tanto por la ca\u00edda de la demanda como por los reacomodamientos de precios relativos que todav\u00eda se est\u00e1n sucediendo y las diferentes respuestas de cada rubro.<\/p>\n<p>De los 15 sectores econ\u00f3micos que clasifica el Indec, nueve de ellos arrojaron resultado negativo. Entre ellos hay ca\u00eddas estrepitosas en los de mayor incidencia y que tambi\u00e9n son los que m\u00e1s mano de obra generan: la construcci\u00f3n baj\u00f3 29,9%; la industria manufacturera, 19,6%; y el comercio mayorista y minorista, 16,7%. Entre esos tres rubros aportaron 6,6 puntos porcentuales a la ca\u00edda del indicador.<\/p>\n<p>Tambi\u00e9n fue superior a los dos d\u00edgitos la ca\u00edda en el sector financiero (15,2%). Los otros sectores con signo negativo fueron electricidad, gas y agua; actividades inmobiliarias y empresariales; servicios comunitarios, sociales y personales; hoteles y restaurantes; y transporte y comunicaciones.<\/p>\n<p>Los que mejor se acomodaron a la devaluaci\u00f3n y al nuevo sistema cambiario fueron las actividades primarias extractivas: agricultura y ganader\u00eda subi\u00f3 14,1%; minas y canteras, 5,9%; y pesca, 2,9%. Tambi\u00e9n hubo subas marginales en servicios de salud, ense\u00f1anza y administraci\u00f3n p\u00fablica.<\/p>\n<p>Los datos desalentadores ya hab\u00edan sido anticipados por otras consultoras que suelen hacer mediciones de este tipo. El \u00edndice general de actividad de OJF, que dirige el economista Orlando Ferreres, por ejemplo, hab\u00eda anticipado una ca\u00edda de 9,7% interanual en marzo, mientras que el \u00edndice de producci\u00f3n industrial de FIEL hab\u00eda arrojado una disminuci\u00f3n de 13,7% en ese sector.<\/p>\n<p>Con m\u00e1s cercan\u00eda en el tiempo, la Confederaci\u00f3n Argentina de la Mediana Empresa (CAME) estim\u00f3 que la actividad industrial de las pyme disminuy\u00f3 18,3% en abril, lo que la ubica como la ca\u00edda \u201cm\u00e1s profunda de los \u00faltimos 3 meses. Con ese resultado, el primer cuatrimestre del a\u00f1o cierra con una merma de 19% en comparaci\u00f3n con el mismo per\u00edodo de 2023\u201d.<\/p>\n<p>Sin embargo, el sombr\u00edo dato de CAME deja una luz de esperanza en la comparaci\u00f3n mensual, donde se advierte una mejora de 3,1% con relaci\u00f3n a marzo. Los pr\u00f3ximos relevamientos permitir\u00e1n saber si empieza a verse una recuperaci\u00f3n y desde qu\u00e9 piso deber\u00e1 partir.<\/p>\n","protected":false},"excerpt":{"rendered":"<p>As\u00ed lo calcul\u00f3 el Indec a trav\u00e9s de su estimador mensual. Hubo bajas en nueve de los 15 sectores relevados. Construcci\u00f3n, industria y comercio, los m\u00e1s afectados &nbsp; &nbsp; La actividad econ\u00f3mica se derrumb\u00f3 8,4% interanual en el mes de marzo, seg\u00fan el estimador mensual (EMAE) publicado este mi\u00e9rcoles por el Indec. De esa manera, en el acumulado del a\u00f1o el nivel de la actividad decay\u00f3 5,3% con relaci\u00f3n al primer trimestre de 2023. El dato no s\u00f3lo es negativo en comparaci\u00f3n al a\u00f1o pasado, sino con el mes anterior,&#8230;<\/p>\n","protected":false},"author":3,"featured_media":114948,"comment_status":"closed","ping_status":"closed","sticky":false,"template":"","format":"standard","meta":[],"categories":[9],"tags":[],"_links":{"self":[{"href":"https:\/\/www.actualidadadiario.com\/index.php\/wp-json\/wp\/v2\/posts\/114947"}],"collection":[{"href":"https:\/\/www.actualidadadiario.com\/index.php\/wp-json\/wp\/v2\/posts"}],"about":[{"href":"https:\/\/www.actualidadadiario.com\/index.php\/wp-json\/wp\/v2\/types\/post"}],"author":[{"embeddable":true,"href":"https:\/\/www.actualidadadiario.com\/index.php\/wp-json\/wp\/v2\/users\/3"}],"replies":[{"embeddable":true,"href":"https:\/\/www.actualidadadiario.com\/index.php\/wp-json\/wp\/v2\/comments?post=114947"}],"version-history":[{"count":1,"href":"https:\/\/www.actualidadadiario.com\/index.php\/wp-json\/wp\/v2\/posts\/114947\/revisions"}],"predecessor-version":[{"id":114949,"href":"https:\/\/www.actualidadadiario.com\/index.php\/wp-json\/wp\/v2\/posts\/114947\/revisions\/114949"}],"wp:featuredmedia":[{"embeddable":true,"href":"https:\/\/www.actualidadadiario.com\/index.php\/wp-json\/wp\/v2\/media\/114948"}],"wp:attachment":[{"href":"https:\/\/www.actualidadadiario.com\/index.php\/wp-json\/wp\/v2\/media?parent=114947"}],"wp:term":[{"taxonomy":"category","embeddable":true,"href":"https:\/\/www.actualidadadiario.com\/index.php\/wp-json\/wp\/v2\/categories?post=114947"},{"taxonomy":"post_tag","embeddable":true,"href":"https:\/\/www.actualidadadiario.com\/index.php\/wp-json\/wp\/v2\/tags?post=114947"}],"curies":[{"name":"wp","href":"https:\/\/api.w.org\/{rel}","templated":true}]}}