{"id":114944,"date":"2024-05-23T12:04:30","date_gmt":"2024-05-23T15:04:30","guid":{"rendered":"https:\/\/www.actualidadadiario.com\/?p=114944"},"modified":"2024-05-23T12:04:30","modified_gmt":"2024-05-23T15:04:30","slug":"crisis-economica-estiman-que-hasta-marzo-se-perdieron-mas-de-100-000-puestos-de-trabajo-privados-y-publicos","status":"publish","type":"post","link":"https:\/\/www.actualidadadiario.com\/index.php\/2024\/05\/23\/crisis-economica-estiman-que-hasta-marzo-se-perdieron-mas-de-100-000-puestos-de-trabajo-privados-y-publicos\/","title":{"rendered":"Crisis econ\u00f3mica: estiman que hasta marzo se perdieron m\u00e1s de 100.000 puestos de trabajo privados y p\u00fablicos"},"content":{"rendered":"<p style=\"text-align: center;\"><em><strong>El panorama del empleo para marzo no mejora. La Encuesta de Indicadores Laborales estima una ca\u00edda de otros 34.166 puestos en el sector privado durante el tercer mes del a\u00f1o. Cu\u00e1l es la radiograf\u00eda del empleo en este sector en Argentina<\/strong><\/em><\/p>\n<p>&nbsp;<\/p>\n<p>&nbsp;<\/p>\n<p>La fuerte retracci\u00f3n econ\u00f3mica, que gener\u00f3 una pronunciada ca\u00edda en sectores clave como la industria y la construcci\u00f3n, ya comenz\u00f3 a impactar en la p\u00e9rdida de puestos de trabajo. Si bien la variable oficial del desempleo que se conoce es de febrero y queda un poco vieja, en ese mes 20.666 personas quedaron sin empleo en el sector privado, pero desde la asunci\u00f3n del Gobierno de Javier Milei este n\u00famero asciende a 62.920. Y, para los meses entrantes, la cantidad de desempleados tiende a engrosarse.<\/p>\n<p>Estos datos se desprenden de la \u00faltima publicaci\u00f3n del Ministerio de Trabajo, que posee datos de febrero (SIPA), ya que el informe de mercado de fuerza de trabajo del INDEC corresponde al cuarto trimestre de 2023.<\/p>\n<p>&nbsp;<\/p>\n<p><strong>El empleo p\u00fablico se redujo menos que el privado<\/strong><\/p>\n<p>A los datos de desempleo del sector privado, se adicionan los del sector p\u00fablico, donde en febrero 6.180 personas perdieron su trabajo, mientras que en lo que va del gobierno libertario ya se destruyeron 21.393 puestos, incluyendo tanto el nivel nacional como los subnacionales.<\/p>\n<p>De esta manera, la cantidad de empleos perdidos en el sector asalariado alcanza los 84.313. As\u00ed, en t\u00e9rminos porcentuales, la ca\u00edda es mayor en el sector privado, que se ubic\u00f3 en el 1%, mientras que en el p\u00fablico lleg\u00f3 al 0,6%.<\/p>\n<p>&#8220;A contramano del discurso oficialista, que sostiene que el sector privado absorber\u00e1 la oferta de trabajo resultante de los despidos masivos en el Estado, el desplome se profundiza&#8221;, precis\u00f3 el Centro de Econom\u00eda Pol\u00edtica Argentina (CEPA).<\/p>\n<p>Por su parte, el estudio del Instituto de Estudios y Formaci\u00f3n (IEF-CTA AUT\u00d3NOMA) retoma la p\u00e9rdida de puestos de trabajo desde agosto de 2023 a febrero de 2024, donde la destrucci\u00f3n de los empleos asciende a 94.070 (-1,5%). &#8220;Si bien se trata de una ca\u00edda muy importante, todav\u00eda est\u00e1 en magnitudes inferiores a las de fines de 2018 y 2019&#8221;, destaca el informe.<\/p>\n<p>En marzo, la industria retrocedi\u00f3 un 21% interanual y, la capacidad instalada se derrumb\u00f3 al 53,4%, mientras la construcci\u00f3n cay\u00f3 un 33% interanual, sobre todo por el freno de la obra p\u00fablica. El \u00edndice general de la actividad se retrajo un 9,7% interanual en marzo, seg\u00fan la medici\u00f3n de Orlando Ferreres &amp; Asociados.<\/p>\n<p>En ese contexto, el panorama del empleo para marzo no mejora. La Encuesta de Indicadores Laborales (EIL), que releva el nivel de empleo en unas 3.500 empresas los aglomerados urbanos, estima una ca\u00edda de otros 34.166 puestos en el sector privado durante el tercer mes del a\u00f1o.<\/p>\n<p>&nbsp;<\/p>\n<p><strong>Radiograf\u00eda del empleo privado en Argentina<\/strong><\/p>\n<p>Ante los indicadores negativos de la econom\u00eda, las empresas comenzaron a suspender empleados como ocurri\u00f3 en FV, productora de grifer\u00eda, que par\u00f3 a 800 trabajadores. La empresa acord\u00f3 un esquema con la Uni\u00f3n Obrera Metal\u00fargica (UOM), que contempla la reducci\u00f3n de la jornada por tres meses: 7 d\u00edas en mayo, 7 d\u00edas en junio y 8 d\u00edas en julio con el pago de un 80% del salario, seg\u00fan precis\u00f3 Diego Espeche, titular de la seccional de San Miguel.<\/p>\n<p>\u201cLa situaci\u00f3n en adelante es desesperanzadora, a diferencia de la pandemia, donde sab\u00edamos que iba a mejorar cuando se levantara la emergencia sanitaria; ahora no se prev\u00e9 una mejora. Nosotros produc\u00edamos 20 toneladas y estamos haciendo 3. No hay pedidos. En junio tendremos que volvernos a sentar a hablar\u201d, explic\u00f3 el titular de la seccional de San Miguel.<\/p>\n<p>Aunque en otras empresas la decisi\u00f3n fue m\u00e1s dr\u00e1stica y teniendo en cuenta que la situaci\u00f3n econ\u00f3mica en los \u00faltimos meses empeora, ya comenzaron a reducir parte de sus trabajadores. Whirlpool, empresa de l\u00ednea blanca, dio de baja 60 contratos eventuales y ChangoM\u00e1s despidi\u00f3 a 152 personas en ocho sucursales. Tambi\u00e9n hubo recortes y retiros en Pepsico, General Motors, Renault y Toyota.<\/p>\n<p>Dentro de los rubros m\u00e1s golpeados por el desempleo se encuentra la construcci\u00f3n, que desde la paralizaci\u00f3n de la obra p\u00fablica, ya perdi\u00f3 100.000 puestos de trabajo, seg\u00fan precis\u00f3 Gustavo Weiss, presidente de la C\u00e1mara Argentina de la Construcci\u00f3n (CAC). Solo en febrero, seg\u00fan el informe de CEPA, perdi\u00f3 12.949 trabajadores, siendo el sector con mayor ca\u00edda de empleo.<\/p>\n<p>Los dos sectores m\u00e1s importantes en materia de generaci\u00f3n de empleo son comercio e industria, que poseen un 19,5% y 18,8% del total del universo de empleados privados, respectivamente. Seg\u00fan precis\u00f3 CEPA, el sector industrial perdi\u00f3 5.520 puestos entre diciembre y febrero.<\/p>\n<p>As\u00ed, la crisis de producci\u00f3n y consumo lentamente se est\u00e1 traduciendo a una crisis de empleo, lo cual no se corresponde con las expectativas del Gobierno de una r\u00e1pida recuperaci\u00f3n y explican el resurgimiento de la conflictividad laboral.<\/p>\n<p>&nbsp;<\/p>\n<p><strong>Otras modalidades de empleo registrado<\/strong><\/p>\n<p>Cabe destacar que, ante la p\u00e9rdida de puestos de trabajo formales, se incrementaron otras modalidades de empleo registrado como los son monotributistas, que tienen aportes jubilatorios y acceso a una obra social, pero no otros derechos laborales como lo son el aguinaldo, vacaciones pagas o licencias. Esta categor\u00eda tuvo un crecimiento de 9.375 puestos en el \u00faltimo mes.<\/p>\n<p>Sin embargo, como parte de la crisis de empleo, los puestos de trabajo en casas particulares se redujeron en 1.497 durante febrero y en lo que va del gobierno de Milei, dentro de esta categor\u00eda, se destruyeron 5.903 empleos, seg\u00fan el informe de CEPA.<\/p>\n<p>&nbsp;<\/p>\n<p><strong>Empleo no registrado<\/strong><\/p>\n<p>Al contraerse el mercado laboral formal, inevitablemente el informal tambi\u00e9n lo hace. Sin embargo, estos datos no los tendremos hasta la pr\u00f3xima Encuesta Permanente de Hogares que publica el INDEC.<\/p>\n<p>El economista y director de Planificaci\u00f3n Productiva del centro de pol\u00edticas p\u00fablicas Fundar, Daniel Schteingart, consider\u00f3 que la tasa de desocupaci\u00f3n va a &#8220;subir un par de puntos&#8221;, ya que se encuentra en el 5,7% durante el \u00faltimo trimestre de 2024. Pero se\u00f1al\u00f3 que le es &#8220;dif\u00edcil&#8221; creer que en el primer trimestre vuelva a los dos d\u00edgitos.<\/p>\n<p>&nbsp;<\/p>\n<p><strong>Incremento de la pobreza ante la desocupaci\u00f3n<\/strong><\/p>\n<p>En medio de la crisis de empleo y tras la fuerte devaluaci\u00f3n del peso en diciembre (54%), los sueldos perdieron fuertemente frente a la inflaci\u00f3n en el gobierno de Milei (diciembre a febrero). Si bien en el segundo mes del a\u00f1o el promedio salarial gan\u00f3 a la inflaci\u00f3n (16% vs. 13,2%, respectivamente), los de la mediana solo subieron 12,8% y perdieron frente al IPC (13,2%).<\/p>\n<p>De esta manera, los salarios acumularon en la era Milei (diciembre-febrero) una ca\u00edda real de 6,2% y 9,7% medido por promedio y mediana, respectivamente. &#8220;Una ca\u00edda sin precedentes en tan corto plazo&#8221;, apunt\u00f3 CEPA.<\/p>\n<p>En un contexto de fuerte p\u00e9rdida del salario real, la pobreza contin\u00faa increment\u00e1ndose y durante el primer trimestre de 2024 afect\u00f3, en promedio, al 55% de los argentinos, seg\u00fan inform\u00f3 el Director del Observatorio del Derecho Social de la UCA, Agust\u00edn Salvia, en Radio Rivadavia.<\/p>\n<p>Incluso, seg\u00fan una encuesta nacional realizada por Equipo Mide, la pobreza pas\u00f3 a ser la principal preocupaci\u00f3n de los argentinos y destron\u00f3 a inflaci\u00f3n luego de dos a\u00f1os.<\/p>\n<p>La encuesta, que recopil\u00f3 la opini\u00f3n de 1842 ciudadanos en todo el pa\u00eds, muestra que el tema que m\u00e1s inquieta a los argentinos es la pobreza, al ser elegido por un 18% de los consultados, mientras que la inflaci\u00f3n, qued\u00f3 en un segundo lugar con el 15%. Tercera se ubic\u00f3 la corrupci\u00f3n, con un 12% y de cerca, le siguen la inseguridad y la desocupaci\u00f3n con un 11%.<\/p>\n","protected":false},"excerpt":{"rendered":"<p>El panorama del empleo para marzo no mejora. La Encuesta de Indicadores Laborales estima una ca\u00edda de otros 34.166 puestos en el sector privado durante el tercer mes del a\u00f1o. Cu\u00e1l es la radiograf\u00eda del empleo en este sector en Argentina &nbsp; &nbsp; La fuerte retracci\u00f3n econ\u00f3mica, que gener\u00f3 una pronunciada ca\u00edda en sectores clave como la industria y la construcci\u00f3n, ya comenz\u00f3 a impactar en la p\u00e9rdida de puestos de trabajo. Si bien la variable oficial del desempleo que se conoce es de febrero y queda un poco vieja,&#8230;<\/p>\n","protected":false},"author":3,"featured_media":114945,"comment_status":"closed","ping_status":"closed","sticky":false,"template":"","format":"standard","meta":[],"categories":[9],"tags":[],"_links":{"self":[{"href":"https:\/\/www.actualidadadiario.com\/index.php\/wp-json\/wp\/v2\/posts\/114944"}],"collection":[{"href":"https:\/\/www.actualidadadiario.com\/index.php\/wp-json\/wp\/v2\/posts"}],"about":[{"href":"https:\/\/www.actualidadadiario.com\/index.php\/wp-json\/wp\/v2\/types\/post"}],"author":[{"embeddable":true,"href":"https:\/\/www.actualidadadiario.com\/index.php\/wp-json\/wp\/v2\/users\/3"}],"replies":[{"embeddable":true,"href":"https:\/\/www.actualidadadiario.com\/index.php\/wp-json\/wp\/v2\/comments?post=114944"}],"version-history":[{"count":1,"href":"https:\/\/www.actualidadadiario.com\/index.php\/wp-json\/wp\/v2\/posts\/114944\/revisions"}],"predecessor-version":[{"id":114946,"href":"https:\/\/www.actualidadadiario.com\/index.php\/wp-json\/wp\/v2\/posts\/114944\/revisions\/114946"}],"wp:featuredmedia":[{"embeddable":true,"href":"https:\/\/www.actualidadadiario.com\/index.php\/wp-json\/wp\/v2\/media\/114945"}],"wp:attachment":[{"href":"https:\/\/www.actualidadadiario.com\/index.php\/wp-json\/wp\/v2\/media?parent=114944"}],"wp:term":[{"taxonomy":"category","embeddable":true,"href":"https:\/\/www.actualidadadiario.com\/index.php\/wp-json\/wp\/v2\/categories?post=114944"},{"taxonomy":"post_tag","embeddable":true,"href":"https:\/\/www.actualidadadiario.com\/index.php\/wp-json\/wp\/v2\/tags?post=114944"}],"curies":[{"name":"wp","href":"https:\/\/api.w.org\/{rel}","templated":true}]}}