{"id":114941,"date":"2024-05-23T11:56:48","date_gmt":"2024-05-23T14:56:48","guid":{"rendered":"https:\/\/www.actualidadadiario.com\/?p=114941"},"modified":"2024-05-23T11:56:48","modified_gmt":"2024-05-23T14:56:48","slug":"desde-julio-se-retoman-los-ocho-vuelos-semanales-de-aerolineas-argentinas-a-la-provincia","status":"publish","type":"post","link":"https:\/\/www.actualidadadiario.com\/index.php\/2024\/05\/23\/desde-julio-se-retoman-los-ocho-vuelos-semanales-de-aerolineas-argentinas-a-la-provincia\/","title":{"rendered":"Desde julio se retoman los ocho vuelos semanales de Aerol\u00edneas Argentinas a la provincia"},"content":{"rendered":"<p style=\"text-align: center;\"><em><strong>El gobernador Rogelio Frigerio anunci\u00f3 que a partir de julio se reactivar\u00e1n las ocho frecuencias semanales de la aerol\u00ednea de bandera nacional a Entre R\u00edos.\u00a0 &#8220;Queremos una provincia m\u00e1s integrada al pa\u00eds y al mundo&#8221;, expres\u00f3<\/strong><\/em><\/p>\n<p>&nbsp;<\/p>\n<p>&nbsp;<\/p>\n<p>Desde julio se retoman los ocho vuelos semanales de Aerol\u00edneas Argentinas a la provincia<\/p>\n<p>Fue tras la reuni\u00f3n que mantuvo con el presidente de Aerol\u00edneas Argentinas, Fabi\u00e1n Lombardo, con quien interactu\u00f3 sobre el potencial tur\u00edstico que tiene Entre R\u00edos, el impacto de la reactivaci\u00f3n de los vuelos en la econom\u00eda provincial y sobre la demanda para ampliar las conexiones existentes como uno de los principales destinos del pa\u00eds.<\/p>\n<p>&#8220;Trabajamos en un esquema de vuelos que sea eficiente y a la vez permita tener una mejor frecuencia de transporte a\u00e9reo&#8221;, dijo el mandatario, a la vez que anunci\u00f3 que &#8220;a partir de la segunda mitad del a\u00f1o, vuelven, despu\u00e9s de tiempo, los ocho vuelos semanales de esta aerol\u00ednea a nuestra provincia&#8221;.<\/p>\n<p>Finalmente, el gobernador resalt\u00f3 que &#8220;esto va a permitir a la provincia, y a la ciudad de Paran\u00e1, potenciar el turismo de reuniones&#8221;.<\/p>\n","protected":false},"excerpt":{"rendered":"<p>El gobernador Rogelio Frigerio anunci\u00f3 que a partir de julio se reactivar\u00e1n las ocho frecuencias semanales de la aerol\u00ednea de bandera nacional a Entre R\u00edos.\u00a0 &#8220;Queremos una provincia m\u00e1s integrada al pa\u00eds y al mundo&#8221;, expres\u00f3 &nbsp; &nbsp; Desde julio se retoman los ocho vuelos semanales de Aerol\u00edneas Argentinas a la provincia Fue tras la reuni\u00f3n que mantuvo con el presidente de Aerol\u00edneas Argentinas, Fabi\u00e1n Lombardo, con quien interactu\u00f3 sobre el potencial tur\u00edstico que tiene Entre R\u00edos, el impacto de la reactivaci\u00f3n de los vuelos en la econom\u00eda provincial y&#8230;<\/p>\n","protected":false},"author":3,"featured_media":114942,"comment_status":"closed","ping_status":"closed","sticky":false,"template":"","format":"standard","meta":[],"categories":[15],"tags":[],"_links":{"self":[{"href":"https:\/\/www.actualidadadiario.com\/index.php\/wp-json\/wp\/v2\/posts\/114941"}],"collection":[{"href":"https:\/\/www.actualidadadiario.com\/index.php\/wp-json\/wp\/v2\/posts"}],"about":[{"href":"https:\/\/www.actualidadadiario.com\/index.php\/wp-json\/wp\/v2\/types\/post"}],"author":[{"embeddable":true,"href":"https:\/\/www.actualidadadiario.com\/index.php\/wp-json\/wp\/v2\/users\/3"}],"replies":[{"embeddable":true,"href":"https:\/\/www.actualidadadiario.com\/index.php\/wp-json\/wp\/v2\/comments?post=114941"}],"version-history":[{"count":1,"href":"https:\/\/www.actualidadadiario.com\/index.php\/wp-json\/wp\/v2\/posts\/114941\/revisions"}],"predecessor-version":[{"id":114943,"href":"https:\/\/www.actualidadadiario.com\/index.php\/wp-json\/wp\/v2\/posts\/114941\/revisions\/114943"}],"wp:featuredmedia":[{"embeddable":true,"href":"https:\/\/www.actualidadadiario.com\/index.php\/wp-json\/wp\/v2\/media\/114942"}],"wp:attachment":[{"href":"https:\/\/www.actualidadadiario.com\/index.php\/wp-json\/wp\/v2\/media?parent=114941"}],"wp:term":[{"taxonomy":"category","embeddable":true,"href":"https:\/\/www.actualidadadiario.com\/index.php\/wp-json\/wp\/v2\/categories?post=114941"},{"taxonomy":"post_tag","embeddable":true,"href":"https:\/\/www.actualidadadiario.com\/index.php\/wp-json\/wp\/v2\/tags?post=114941"}],"curies":[{"name":"wp","href":"https:\/\/api.w.org\/{rel}","templated":true}]}}