{"id":114930,"date":"2024-05-23T10:40:41","date_gmt":"2024-05-23T13:40:41","guid":{"rendered":"https:\/\/www.actualidadadiario.com\/?p=114930"},"modified":"2024-05-23T10:40:41","modified_gmt":"2024-05-23T13:40:41","slug":"docentes-de-entre-rios-realizan-un-nuevo-paro","status":"publish","type":"post","link":"https:\/\/www.actualidadadiario.com\/index.php\/2024\/05\/23\/docentes-de-entre-rios-realizan-un-nuevo-paro\/","title":{"rendered":"Docentes de Entre R\u00edos realizan un nuevo paro"},"content":{"rendered":"<p style=\"text-align: center;\"><em><strong>Nueva jornada de paro docente en Entre R\u00edos. La medida de fuerza de este jueves fue convocada a nivel nacional<\/strong><\/em><\/p>\n<p>&nbsp;<\/p>\n<p>&nbsp;<\/p>\n<p>Docentes de Entre R\u00edos realizan este jueves una nueva jornada de paro, en el marco de una convocatoria nacional por parte de Confederaci\u00f3n de Trabajadores de la Educaci\u00f3n -CTERA-, en reclamo al Gobierno nacional por los recortes y el desfinanciamiento del sistema educativo.<\/p>\n<p>En el paro docente se exige la convocatoria a la Paritaria Nacional y la restituci\u00f3n del Fonid, que implica una disminuci\u00f3n salarial de entre un 10 y un 20%. En Entre R\u00edos, los cuatro gremios adhirieron a la medida (Agmer, UDA, SADOP, AMET).<\/p>\n","protected":false},"excerpt":{"rendered":"<p>Nueva jornada de paro docente en Entre R\u00edos. La medida de fuerza de este jueves fue convocada a nivel nacional &nbsp; &nbsp; Docentes de Entre R\u00edos realizan este jueves una nueva jornada de paro, en el marco de una convocatoria nacional por parte de Confederaci\u00f3n de Trabajadores de la Educaci\u00f3n -CTERA-, en reclamo al Gobierno nacional por los recortes y el desfinanciamiento del sistema educativo. En el paro docente se exige la convocatoria a la Paritaria Nacional y la restituci\u00f3n del Fonid, que implica una disminuci\u00f3n salarial de entre un&#8230;<\/p>\n","protected":false},"author":3,"featured_media":58921,"comment_status":"closed","ping_status":"closed","sticky":false,"template":"","format":"standard","meta":[],"categories":[15],"tags":[],"_links":{"self":[{"href":"https:\/\/www.actualidadadiario.com\/index.php\/wp-json\/wp\/v2\/posts\/114930"}],"collection":[{"href":"https:\/\/www.actualidadadiario.com\/index.php\/wp-json\/wp\/v2\/posts"}],"about":[{"href":"https:\/\/www.actualidadadiario.com\/index.php\/wp-json\/wp\/v2\/types\/post"}],"author":[{"embeddable":true,"href":"https:\/\/www.actualidadadiario.com\/index.php\/wp-json\/wp\/v2\/users\/3"}],"replies":[{"embeddable":true,"href":"https:\/\/www.actualidadadiario.com\/index.php\/wp-json\/wp\/v2\/comments?post=114930"}],"version-history":[{"count":1,"href":"https:\/\/www.actualidadadiario.com\/index.php\/wp-json\/wp\/v2\/posts\/114930\/revisions"}],"predecessor-version":[{"id":114931,"href":"https:\/\/www.actualidadadiario.com\/index.php\/wp-json\/wp\/v2\/posts\/114930\/revisions\/114931"}],"wp:featuredmedia":[{"embeddable":true,"href":"https:\/\/www.actualidadadiario.com\/index.php\/wp-json\/wp\/v2\/media\/58921"}],"wp:attachment":[{"href":"https:\/\/www.actualidadadiario.com\/index.php\/wp-json\/wp\/v2\/media?parent=114930"}],"wp:term":[{"taxonomy":"category","embeddable":true,"href":"https:\/\/www.actualidadadiario.com\/index.php\/wp-json\/wp\/v2\/categories?post=114930"},{"taxonomy":"post_tag","embeddable":true,"href":"https:\/\/www.actualidadadiario.com\/index.php\/wp-json\/wp\/v2\/tags?post=114930"}],"curies":[{"name":"wp","href":"https:\/\/api.w.org\/{rel}","templated":true}]}}