{"id":114924,"date":"2024-05-23T10:38:56","date_gmt":"2024-05-23T13:38:56","guid":{"rendered":"https:\/\/www.actualidadadiario.com\/?p=114924"},"modified":"2024-05-23T10:38:56","modified_gmt":"2024-05-23T13:38:56","slug":"diputados-sanciono-el-proyecto-que-destina-la-mitad-del-inmobiliario-rural-a-reparar-caminos-rurales","status":"publish","type":"post","link":"https:\/\/www.actualidadadiario.com\/index.php\/2024\/05\/23\/diputados-sanciono-el-proyecto-que-destina-la-mitad-del-inmobiliario-rural-a-reparar-caminos-rurales\/","title":{"rendered":"Diputados sancion\u00f3 el proyecto que destina la mitad del Inmobiliario Rural a reparar caminos rurales"},"content":{"rendered":"<p style=\"text-align: center;\"><em><strong>En la sesi\u00f3n de este mi\u00e9rcoles se aprob\u00f3 por unanimidad el proyecto del Gobierno provincial que establece aumentar del 20% al 50% el porcentaje del Impuesto Inmobiliario Rural que se destina al mejoramiento a la conservaci\u00f3n y el mejoramiento de los caminos rurales. Tambi\u00e9n se aprobaron cambios en los honorarios de la abogac\u00eda y modificaciones en el Colegio de Profesionales de Trabajo Social<\/strong><\/em><\/p>\n<p>&nbsp;<\/p>\n<p>&nbsp;<\/p>\n<p>Los diputados y diputadas de Entre R\u00edos aprobaron por unanimidad el proyecto de ley que establece incrementar el porcentual previsto para el \u201cFondo de Desarrollo y Conservaci\u00f3n Vial\u201d, actualmente constituido con el 20% de los recursos provenientes de lo recaudado en concepto de Impuesto Inmobiliario Rural, elevando dicho porcentual a un 50%.<\/p>\n<p>La administraci\u00f3n del Fondo estar\u00e1 a cargo de la Direcci\u00f3n Provincial de Vialidad, que para su implementaci\u00f3n y distribuci\u00f3n geogr\u00e1fica deber\u00e1 tener en cuenta la recaudaci\u00f3n correspondiente a los inmuebles rurales de cada departamento, la cantidad de kil\u00f3metros de caminos de cada jurisdicci\u00f3n, y otros paramentos que aseguren una asignaci\u00f3n equitativa.<\/p>\n<p>Cabe destacar que si los recursos afectados a este Fondo no fueran invertidos en su totalidad, los saldos no utilizados pasar\u00e1n al siguiente ejercicio conservando la afectaci\u00f3n dispuesta en este art\u00edculo.<\/p>\n<p>El diputado Bruno Sarubi (Juntos por Entre R\u00edos) brind\u00f3 precisiones sobre el proyecto de ley y resalt\u00f3 \u201clos beneficios que trae esta ley para uno de los motores del desarrollo de la provincia\u201d.<\/p>\n<p>Tambi\u00e9n afirm\u00f3 que resuelve el acceso de los vecinos que viven en el campo a instituciones educativas o de salud y manifest\u00f3 que \u201cse trata de una herramienta que le damos a nuest5ro gobernador para que pueda darle soluci\u00f3n en forma inmediata a una duda hist\u00f3rica\u201d.<\/p>\n<p>El diputado Juan Jos\u00e9 Bahillo (PJ) adelant\u00f3 el acompa\u00f1amiento de su bloque. Lo propio hizo Roque Fleitas (La Libertad Avanza) y el resto de los bloques que se desprendieron de \u00e9ste.<\/p>\n<p>&nbsp;<\/p>\n<p><strong>Aerol\u00edneas y Agricultura Familiar<\/strong><\/p>\n<p>Luego Silvia Moreno (PJ) hizo referencia al proyecto de resoluci\u00f3n por el que se solicita al Poder Ejecutivo Provincial que arbitre las acciones necesarias para garantizar la continuidad del Inafci (Instituto Nacional de Agricultura Familiar, Campesina e Ind\u00edgena) en Entre R\u00edos que viene desarrollando tareas territoriales desde su inicios desde el a\u00f1o 1994\u201d.<\/p>\n<p>Por su parte, Stefan\u00eda Cora (PJ) hizo lo propio en relaci\u00f3n a la iniciativa por la que se insta a Frigerio a que instrumente acciones ante Naci\u00f3n para mantener el funcionamiento de la escala a\u00e9rea Paran\u00e1-Buenos Aires\/Buenos Aires-Paran\u00e1, prestada por la empresa Aerol\u00edneas Argentinas: \u201cEsto atenta contra una Naci\u00f3n federal y contra las pol\u00edticas de arraigo\u201d, dijo refiri\u00e9ndose tambi\u00e9n a la quita de subsidios nacionales al transporte de las provincias.<\/p>\n<p>&nbsp;<\/p>\n<p><strong>Cambios en los honorarios de profesionales de la abogac\u00eda<\/strong><\/p>\n<p>En la sesi\u00f3n se aprob\u00f3 el proyecto que modifica los honorarios profesionales de abogados\/as y procuradores: la iniciativa sufri\u00f3 modificaciones en el Senado, por lo que volvi\u00f3 a Diputados (C\u00e1mara de origen)<\/p>\n<p>El diputado Marcelo L\u00f3pez (UCR) se\u00f1al\u00f3 que la iniciativa establece \u201cequiparar los honorarios a los que perciben otras jurisdicciones del pa\u00eds\u201d.<\/p>\n<p>La iniciativa establece\u00a0 que la Unidad Arancelaria \u201cJurista\u201d ser\u00e1 es equivalente al 1,5% de la remuneraci\u00f3n b\u00e1sica asignada al cargo del Juez de Primera Instancia en lo Civil y Comercial de la Provincia de Entre R\u00edos.<\/p>\n<p>\u201cSe hace una modificaci\u00f3n parcial a la Ley N\u00ba 70.046 que regula los Aranceles de Abogados y<\/p>\n<p>Procuradores y se introducen cambios en los art\u00edculos 1\u00ba, 4\u00ba, 5\u00ba, 29\u00ba, 30\u00ba y 64\u00ba, 91\u00ba, 100\u00ba bis y 114\u00ba\u201d.<\/p>\n<p>&nbsp;<\/p>\n<p><strong>Cambios en el Colegio de Profesionales de Trabajo Social<\/strong><\/p>\n<p>En la sesi\u00f3n de este mi\u00e9rcoles, la C\u00e1mara de Diputados aprob\u00f3 el proyecto que actualiza y modifica la norma que regula a la entidad colegiada que, entre otras cuestiones, cambiar\u00e1 su nombre: ya no se llamar\u00e1 Colegio de Trabajadores Sociales, sino Colegio de Profesionales de Trabajo Social de Entre R\u00edos.<\/p>\n<p>La diputada Carolina Streitenberger (Juntos por Entre R\u00edos) explic\u00f3 que la iniciativa es producto de la unificaci\u00f3n de un proyecto propio y de uno que present\u00f3 la legisladora Silvia Moreno (M\u00e1s para Entre R\u00edos) en la gesti\u00f3n anterior y brind\u00f3 detalles del texto que introduce cambios en los requisitos para la matriculaci\u00f3n, al tiempo que resalt\u00f3 que la nueva ley se redact\u00f3 en lenguaje no sexista.<\/p>\n<p>Luego la diputada Silvia Moreno (PJ) brind\u00f3 m\u00e1s precisiones sobre la iniciativa que se aprob\u00f3 por unanimidad.<\/p>\n<p>&nbsp;<\/p>\n<p><strong>Homenajes<\/strong><\/p>\n<p>En el turno delos homenajes, la diputada \u00c9rica V\u00e1zquez (Juntos por Entre R\u00edos) record\u00f3 a<\/p>\n<p>Humberto Georgi, v\u00edctima de Ibicuy del General Belgrano, a 42 a\u00f1os de su hundimiento.<\/p>\n<p>En tanto, el diputado Fabi\u00e1n Rogel hizo una reflexi\u00f3n al cumplirse un nuevo aniversario del 25 de Mayo, cuando se empez\u00f3 a generar \u201cuna conciencia nacional\u201d.<\/p>\n<p>\u201cEste s\u00e1bado estar\u00e1 atravesado por una congoja inmenso debido a la existencia de ciertos discursos, pero es necesario que nos sintamos Patria y Naci\u00f3n, y que este 25 nos interpele\u201d.<\/p>\n<p>Luego, Bruno Sarubi (Juntos por Entre R\u00edos) destac\u00f3 los valores de la Sociedad Italiana y de la Sociedad Espa\u00f1ola de Paran\u00e1.<\/p>\n<p>Luego, el diputado Juan Jos\u00e9 Bahillo (PJ) adhiri\u00f3 a los homenajes e hizo una contextualizaci\u00f3n de los hechos que le dieron origen al 25 de mayo: \u201cHubo un empoderamiento, los j\u00f3venes sab\u00edan que se pod\u00eda luchar contra el poder central\u201d, resalt\u00f3.<\/p>\n<p>\u201cHoy la dirigencia pol\u00edtica sigue en deuda con la ciudad\u201d y coincidi\u00f3 con Rogel: \u201cEsta fecha nos interpela\u201d y manifest\u00f3 la necesidad de encontrar \u201cdenominadores comunes\u201d a trav\u00e9s de \u201cla generosidad, la responsabilidad y el altruismo\u201d.<\/p>\n<p>\u201cLos problemas de la sociedad se resolver\u00e1n con m\u00e1s y mejor pol\u00edtica, no con la intolerancia y la crueldad\u201d, enfatiz\u00f3.<\/p>\n<p>Luego Mauro Godein (Juntos por Entre R\u00edos) record\u00f3 al ex intendente de Col\u00f3n, Mariano Rebord, fallecido recientemente,<\/p>\n<p>M\u00e1s tarde, Roque Fleitas (La Libertad Avanza) tambi\u00e9n hizo referencia al D\u00eda de la Patria y expres\u00f3 y asever\u00f3: \u201cLa patria o se arrodilla ante ninguna otra naci\u00f3n, la patria no se negocia\u201d.<\/p>\n<p>M\u00e1s adelante, la diputada Stefan\u00eda Cora tambi\u00e9n record\u00f3 a Mariano Rebord.<\/p>\n","protected":false},"excerpt":{"rendered":"<p>En la sesi\u00f3n de este mi\u00e9rcoles se aprob\u00f3 por unanimidad el proyecto del Gobierno provincial que establece aumentar del 20% al 50% el porcentaje del Impuesto Inmobiliario Rural que se destina al mejoramiento a la conservaci\u00f3n y el mejoramiento de los caminos rurales. Tambi\u00e9n se aprobaron cambios en los honorarios de la abogac\u00eda y modificaciones en el Colegio de Profesionales de Trabajo Social &nbsp; &nbsp; Los diputados y diputadas de Entre R\u00edos aprobaron por unanimidad el proyecto de ley que establece incrementar el porcentual previsto para el \u201cFondo de Desarrollo&#8230;<\/p>\n","protected":false},"author":3,"featured_media":114925,"comment_status":"closed","ping_status":"closed","sticky":false,"template":"","format":"standard","meta":[],"categories":[15],"tags":[],"_links":{"self":[{"href":"https:\/\/www.actualidadadiario.com\/index.php\/wp-json\/wp\/v2\/posts\/114924"}],"collection":[{"href":"https:\/\/www.actualidadadiario.com\/index.php\/wp-json\/wp\/v2\/posts"}],"about":[{"href":"https:\/\/www.actualidadadiario.com\/index.php\/wp-json\/wp\/v2\/types\/post"}],"author":[{"embeddable":true,"href":"https:\/\/www.actualidadadiario.com\/index.php\/wp-json\/wp\/v2\/users\/3"}],"replies":[{"embeddable":true,"href":"https:\/\/www.actualidadadiario.com\/index.php\/wp-json\/wp\/v2\/comments?post=114924"}],"version-history":[{"count":1,"href":"https:\/\/www.actualidadadiario.com\/index.php\/wp-json\/wp\/v2\/posts\/114924\/revisions"}],"predecessor-version":[{"id":114926,"href":"https:\/\/www.actualidadadiario.com\/index.php\/wp-json\/wp\/v2\/posts\/114924\/revisions\/114926"}],"wp:featuredmedia":[{"embeddable":true,"href":"https:\/\/www.actualidadadiario.com\/index.php\/wp-json\/wp\/v2\/media\/114925"}],"wp:attachment":[{"href":"https:\/\/www.actualidadadiario.com\/index.php\/wp-json\/wp\/v2\/media?parent=114924"}],"wp:term":[{"taxonomy":"category","embeddable":true,"href":"https:\/\/www.actualidadadiario.com\/index.php\/wp-json\/wp\/v2\/categories?post=114924"},{"taxonomy":"post_tag","embeddable":true,"href":"https:\/\/www.actualidadadiario.com\/index.php\/wp-json\/wp\/v2\/tags?post=114924"}],"curies":[{"name":"wp","href":"https:\/\/api.w.org\/{rel}","templated":true}]}}