{"id":114918,"date":"2024-05-22T13:11:19","date_gmt":"2024-05-22T16:11:19","guid":{"rendered":"https:\/\/www.actualidadadiario.com\/?p=114918"},"modified":"2024-05-22T13:11:19","modified_gmt":"2024-05-22T16:11:19","slug":"espana-reconocera-al-estado-palestino","status":"publish","type":"post","link":"https:\/\/www.actualidadadiario.com\/index.php\/2024\/05\/22\/espana-reconocera-al-estado-palestino\/","title":{"rendered":"Espa\u00f1a reconocer\u00e1 al Estado palestino"},"content":{"rendered":"<p style=\"text-align: center;\"><em><strong>El Consejo de Ministros aprobar\u00e1 el pr\u00f3ximo martes el reconocimiento de Palestina tras meses de contactos del presidente del gobierno espa\u00f1ol con otros l\u00edderes europeos y de pa\u00edses \u00e1rabes. El paso es conjunto con Noruega e Irlanda<\/strong><\/em><\/p>\n<p>&nbsp;<\/p>\n<p>&nbsp;<\/p>\n<p>Martes 28 de mayo. Es la fecha elegida finalmente por el Gobierno de Pedro S\u00e1nchez para que Espa\u00f1a reconozca el Estado de Palestina. Lo ha anunciado el propio presidente en el Congreso durante su comparecencia de este mi\u00e9rcoles. La iniciativa est\u00e1 coordinada con otros pa\u00edses europeos como Irlanda y Noruega.<\/p>\n<p>Ser\u00e1 el Consejo de Ministros quien apruebe la declaraci\u00f3n sobre Palestina. S\u00e1nchez culminar\u00e1 la semana que viene un proceso que ha sido progresivo desde el pasado mes de octubre. Espa\u00f1a siempre ha defendido la soluci\u00f3n de los &#8220;dos Estados&#8221; para poner fin al conflicto entre Israel y Palestina. Pero hab\u00eda postergado dar los pasos necesarios para reconocer el Estado palestino.<\/p>\n<p>La potestad en Espa\u00f1a para reconocer un Estado la tiene, aparte del Consejo de Ministros, el propio presidente de manera individual. Tambi\u00e9n el Jefe de Estado, Felipe VI, y el ministro de Asuntos Exteriores. La \u00faltima vez que se realiz\u00f3 el reconocimiento de un Estado por parte de Espa\u00f1a fue con Sud\u00e1n del Sur en el a\u00f1o 2011.<\/p>\n<p>Realmente, el Congreso ya aprob\u00f3 en el a\u00f1o 2014 instar al Gobierno, entonces liderado por Mariano Rajoy, a &#8220;promover de manera coordinada en el seno de la Uni\u00f3n Europea dicho reconocimiento del Estado palestino como Estado soberano&#8221;. Lo hizo adem\u00e1s casi por unanimidad. La moci\u00f3n fue impulsada por el PSOE. A esa votaci\u00f3n ha hecho este mi\u00e9rcoles referencia el propio S\u00e1nchez.<\/p>\n<p>Los socialistas llevan poniendo este asunto encima de la mesa desde la etapa de Jos\u00e9 Luis Rodr\u00edguez Zapatero. Pero la terrible escalada de violencia ejercida por el Gobierno de Benjamin Netanyahu contra el pueblo palestino, tras los ataques de Ham\u00e1s, han propiciado el paso dado por S\u00e1nchez.<\/p>\n<p>Hasta llegar al 28 de mayo, el l\u00edder del Ejecutivo ha dado muchos pasos. En un primer momento, all\u00e1 por el mes de octubre, desde el Gobierno alegaban que lo ideal era que ese reconocimiento se produjera de forma consensuada dentro de la UE. Poco a poco fue deslizando que si eso no era posible, Espa\u00f1a tomar\u00eda su decisi\u00f3n de manera independiente. Mientras tanto, sus socios de Sumar apremiaban a que diera el paso sin m\u00e1s demoras.<\/p>\n<p>Las palabras de S\u00e1nchez sobre el Estado de Palestina soliviantaron a Netanyahu. Israel lleg\u00f3 a llamar a consultas a su embajadora en Espa\u00f1a tras el viaje del l\u00edder socialista a su pa\u00eds y a Palestina, donde acudi\u00f3 al paso de Rafah para ver in situ la crisis de personas refugiadas creada tras los ataques israel\u00edes. El mandatario israel\u00ed ha tomado la misma decisi\u00f3n este mi\u00e9rcoles tras conocer el anuncio de S\u00e1nchez.<\/p>\n<p>Desde aquella visita, que fue la primera gira internacional de S\u00e1nchez tras ser investido presidente de nuevo, los contactos con otros pa\u00edses han sido incesantes. Tanto de manera telef\u00f3nica como presencial. El presidente del Gobierno ha viajado a pa\u00edses \u00e1rabes, claves en Oriente Medio, como Jordania, Arabia Saud\u00ed y Catar. En el territorio europeo, ha viajado a Noruega, Irlanda, B\u00e9lgica o Eslovenia con el fin principal de coordinar las iniciativas sobre Palestina.<\/p>\n<p>Espa\u00f1a tambi\u00e9n ha jugado un papel destacado en la ONU. El ministro de Exteriores, Jos\u00e9 Manuel Albares, defendi\u00f3 en el Consejo de Seguridad la inclusi\u00f3n de Palestina como miembro de pleno derecho. Una medida que fue vetada por EEUU. Posteriormente defendi\u00f3 tambi\u00e9n la misma posici\u00f3n en el marco de la Asamblea General de la ONU, donde la votaci\u00f3n respald\u00f3 de manera abrumadora a Palestina.<\/p>\n<p>&nbsp;<\/p>\n<p><strong>&#8220;Sentir mayoritario del pueblo espa\u00f1ol&#8221;<\/strong><\/p>\n<p>&#8220;Quiero comunicarles que, tras haber consensuado la decisi\u00f3n entre los dos partidos que formamos la coalici\u00f3n del Gobierno progresista y haci\u00e9ndonos eco del sentir mayoritario del pueblo espa\u00f1ol, el pr\u00f3ximo martes 28 de mayo Espa\u00f1a aprobar\u00e1 en su Consejo de Ministros el reconocimiento del Estado de Palestina&#8221;. De esta manera ha anunciado S\u00e1nchez en el Congreso su decisi\u00f3n.<\/p>\n<p>&#8220;No podemos permitirlo. Los pa\u00edses que defendemos los derechos humanos y el orden internacional basado en reglas estamos obligados a actuar sin dobles raseros en Ucrania y Palestina. Obligados a hacer cuanto est\u00e9 en nuestra mano. No vamos a permitir que se destruya por la fuerza la soluci\u00f3n de dos Estados&#8221;, ha destacado S\u00e1nchez.<\/p>\n<p>El l\u00edder del Ejecutivo ha se\u00f1alado que &#8220;por muchos pueblos que se bombardeen, Palestina seguir\u00e1 existiendo en nuestros corazones y en la legalidad internacional&#8221;. &#8220;Ha llegado la hora de pasar de las palabras a la acci\u00f3n&#8221;, ha dicho. &#8220;De decirles a los millones de palestinos que sufren que estamos con ellos y que hay esperanza&#8221;.<\/p>\n<p>En el Gobierno conf\u00edan en que la declaraci\u00f3n, que ser\u00e1 formal la pr\u00f3xima semana, genere &#8220;conciencia internacional&#8221;. Oriente Medio ha sido un tema de enfrentamiento tambi\u00e9n entre el PSOE y el PP de Alberto N\u00fa\u00f1ez Feij\u00f3o. Los socialistas han presionado a los populares para que se posicionen de manera clara. Especialmente frente a posturas como la del expresidente Jos\u00e9 Mar\u00eda Aznar o la presidenta madrile\u00f1a Isabel D\u00edaz Ayuso.<\/p>\n<p>&#8220;Palestina es un Estado, por mucho que lo niegue Aznar. Por justicia, por coherencia y por la paz, Espa\u00f1a reconocer\u00e1 la existencia del Estado de Palestina el pr\u00f3ximo 28 de mayo&#8221;, ha insistido S\u00e1nchez en la C\u00e1mara Baja.<\/p>\n","protected":false},"excerpt":{"rendered":"<p>El Consejo de Ministros aprobar\u00e1 el pr\u00f3ximo martes el reconocimiento de Palestina tras meses de contactos del presidente del gobierno espa\u00f1ol con otros l\u00edderes europeos y de pa\u00edses \u00e1rabes. El paso es conjunto con Noruega e Irlanda &nbsp; &nbsp; Martes 28 de mayo. Es la fecha elegida finalmente por el Gobierno de Pedro S\u00e1nchez para que Espa\u00f1a reconozca el Estado de Palestina. Lo ha anunciado el propio presidente en el Congreso durante su comparecencia de este mi\u00e9rcoles. La iniciativa est\u00e1 coordinada con otros pa\u00edses europeos como Irlanda y Noruega. Ser\u00e1&#8230;<\/p>\n","protected":false},"author":3,"featured_media":114919,"comment_status":"closed","ping_status":"closed","sticky":false,"template":"","format":"standard","meta":[],"categories":[4],"tags":[],"_links":{"self":[{"href":"https:\/\/www.actualidadadiario.com\/index.php\/wp-json\/wp\/v2\/posts\/114918"}],"collection":[{"href":"https:\/\/www.actualidadadiario.com\/index.php\/wp-json\/wp\/v2\/posts"}],"about":[{"href":"https:\/\/www.actualidadadiario.com\/index.php\/wp-json\/wp\/v2\/types\/post"}],"author":[{"embeddable":true,"href":"https:\/\/www.actualidadadiario.com\/index.php\/wp-json\/wp\/v2\/users\/3"}],"replies":[{"embeddable":true,"href":"https:\/\/www.actualidadadiario.com\/index.php\/wp-json\/wp\/v2\/comments?post=114918"}],"version-history":[{"count":1,"href":"https:\/\/www.actualidadadiario.com\/index.php\/wp-json\/wp\/v2\/posts\/114918\/revisions"}],"predecessor-version":[{"id":114920,"href":"https:\/\/www.actualidadadiario.com\/index.php\/wp-json\/wp\/v2\/posts\/114918\/revisions\/114920"}],"wp:featuredmedia":[{"embeddable":true,"href":"https:\/\/www.actualidadadiario.com\/index.php\/wp-json\/wp\/v2\/media\/114919"}],"wp:attachment":[{"href":"https:\/\/www.actualidadadiario.com\/index.php\/wp-json\/wp\/v2\/media?parent=114918"}],"wp:term":[{"taxonomy":"category","embeddable":true,"href":"https:\/\/www.actualidadadiario.com\/index.php\/wp-json\/wp\/v2\/categories?post=114918"},{"taxonomy":"post_tag","embeddable":true,"href":"https:\/\/www.actualidadadiario.com\/index.php\/wp-json\/wp\/v2\/tags?post=114918"}],"curies":[{"name":"wp","href":"https:\/\/api.w.org\/{rel}","templated":true}]}}