{"id":114912,"date":"2024-05-22T13:09:13","date_gmt":"2024-05-22T16:09:13","guid":{"rendered":"https:\/\/www.actualidadadiario.com\/?p=114912"},"modified":"2024-05-22T13:09:13","modified_gmt":"2024-05-22T16:09:13","slug":"el-papa-pide-rezar-por-la-paz-en-tiempo-de-guerra-mundial","status":"publish","type":"post","link":"https:\/\/www.actualidadadiario.com\/index.php\/2024\/05\/22\/el-papa-pide-rezar-por-la-paz-en-tiempo-de-guerra-mundial\/","title":{"rendered":"El Papa pide rezar &#8220;por la paz&#8221; en &#8220;tiempo de guerra mundial&#8221;"},"content":{"rendered":"<p style=\"text-align: center;\"><em><strong>El sumo pont\u00edfice tambi\u00e9n inst\u00f3 recordar a &#8220;la atormentada Ucrania&#8221;, as\u00ed como a Palestina, Israel y Birmania. &#8220;No olvidemos tantos pa\u00edses en guerra&#8221;, expres\u00f3<\/strong><\/em><\/p>\n<p>&nbsp;<\/p>\n<p>&nbsp;<\/p>\n<p>El papa Francisco dijo este mi\u00e9rcoles en la audiencia p\u00fablica en la plaza de San Pedro que es necesario rezar &#8220;por la paz en este tiempo de guerra mundial&#8221; y volvi\u00f3 a recordar los pa\u00edses que sufren conflictos armados.<\/p>\n<p>&#8220;No olvidemos la atormentada Ucrania, que tanto est\u00e1 sufriendo. No olvidemos Palestina, Israel. Que pare esta guerra. No olvidemos Birmania y no olvidemos tantos pa\u00edses en guerra&#8221;, expres\u00f3.<\/p>\n<p>&#8220;Hermanos y hermanas, les pedimos que recen por la paz en este tiempo de guerra mundial&#8221;, agreg\u00f3.<\/p>\n<p>El papa lleg\u00f3 a la plaza de San Pedro a bordo del papam\u00f3vil, rodeado de cuatro ni\u00f1os y saludando a los miles de fieles que abarrotaron el lugar, como cada mi\u00e9rcoles.<\/p>\n<p>Francisco dedic\u00f3 su catequesis a la humildad, ya que sin ella &#8220;hay guerra, discordia y divisi\u00f3n&#8221;, y la calific\u00f3 como &#8220;fuente de la paz en el mundo y en la Iglesia&#8221;.<\/p>\n<p>Tambi\u00e9n sostuvo que &#8220;para librarnos del demonio de la soberbia&#8221; basta con &#8220;mirar un cielo estrellado para redescubrir la justa medida&#8221;, y se\u00f1al\u00f3 que &#8220;la ciencia moderna nos permite ampliar mucho m\u00e1s el horizonte y sentir a\u00fan m\u00e1s el misterio que nos rodea y habita&#8221;.<\/p>\n","protected":false},"excerpt":{"rendered":"<p>El sumo pont\u00edfice tambi\u00e9n inst\u00f3 recordar a &#8220;la atormentada Ucrania&#8221;, as\u00ed como a Palestina, Israel y Birmania. &#8220;No olvidemos tantos pa\u00edses en guerra&#8221;, expres\u00f3 &nbsp; &nbsp; El papa Francisco dijo este mi\u00e9rcoles en la audiencia p\u00fablica en la plaza de San Pedro que es necesario rezar &#8220;por la paz en este tiempo de guerra mundial&#8221; y volvi\u00f3 a recordar los pa\u00edses que sufren conflictos armados. &#8220;No olvidemos la atormentada Ucrania, que tanto est\u00e1 sufriendo. No olvidemos Palestina, Israel. Que pare esta guerra. No olvidemos Birmania y no olvidemos tantos pa\u00edses&#8230;<\/p>\n","protected":false},"author":3,"featured_media":114913,"comment_status":"closed","ping_status":"closed","sticky":false,"template":"","format":"standard","meta":[],"categories":[4],"tags":[],"_links":{"self":[{"href":"https:\/\/www.actualidadadiario.com\/index.php\/wp-json\/wp\/v2\/posts\/114912"}],"collection":[{"href":"https:\/\/www.actualidadadiario.com\/index.php\/wp-json\/wp\/v2\/posts"}],"about":[{"href":"https:\/\/www.actualidadadiario.com\/index.php\/wp-json\/wp\/v2\/types\/post"}],"author":[{"embeddable":true,"href":"https:\/\/www.actualidadadiario.com\/index.php\/wp-json\/wp\/v2\/users\/3"}],"replies":[{"embeddable":true,"href":"https:\/\/www.actualidadadiario.com\/index.php\/wp-json\/wp\/v2\/comments?post=114912"}],"version-history":[{"count":1,"href":"https:\/\/www.actualidadadiario.com\/index.php\/wp-json\/wp\/v2\/posts\/114912\/revisions"}],"predecessor-version":[{"id":114914,"href":"https:\/\/www.actualidadadiario.com\/index.php\/wp-json\/wp\/v2\/posts\/114912\/revisions\/114914"}],"wp:featuredmedia":[{"embeddable":true,"href":"https:\/\/www.actualidadadiario.com\/index.php\/wp-json\/wp\/v2\/media\/114913"}],"wp:attachment":[{"href":"https:\/\/www.actualidadadiario.com\/index.php\/wp-json\/wp\/v2\/media?parent=114912"}],"wp:term":[{"taxonomy":"category","embeddable":true,"href":"https:\/\/www.actualidadadiario.com\/index.php\/wp-json\/wp\/v2\/categories?post=114912"},{"taxonomy":"post_tag","embeddable":true,"href":"https:\/\/www.actualidadadiario.com\/index.php\/wp-json\/wp\/v2\/tags?post=114912"}],"curies":[{"name":"wp","href":"https:\/\/api.w.org\/{rel}","templated":true}]}}