{"id":114898,"date":"2024-05-22T12:36:42","date_gmt":"2024-05-22T15:36:42","guid":{"rendered":"https:\/\/www.actualidadadiario.com\/?p=114898"},"modified":"2024-05-22T12:36:42","modified_gmt":"2024-05-22T15:36:42","slug":"adorni-el-presidente-va-a-participar-de-un-show-musical-porque-es-parte-de-la-publicidad-de-su-libro","status":"publish","type":"post","link":"https:\/\/www.actualidadadiario.com\/index.php\/2024\/05\/22\/adorni-el-presidente-va-a-participar-de-un-show-musical-porque-es-parte-de-la-publicidad-de-su-libro\/","title":{"rendered":"Adorni: \u201cEl presidente va a participar de un show musical porque es parte de la publicidad de su libro\u201d"},"content":{"rendered":"<p style=\"text-align: center;\"><em><strong>El vocero presidencial confirm\u00f3 que el evento que realizar\u00e1 Javier Milei en el Luna Park incluye un recital porque \u201cva m\u00e1s all\u00e1 de una presentaci\u00f3n formal\u201d y por las \u201cregal\u00edas\u201d que recibe<\/strong><\/em><\/p>\n<p>&nbsp;<\/p>\n<p>&nbsp;<\/p>\n<p>El vocero presidencial Manuel Adorni afirm\u00f3 que el presidente Javier Milei realizar\u00e1 un show musical, durante la presentaci\u00f3n de su libro \u2018Capitalismo, socialismo y la trampa neocl\u00e1sica\u2019, \u201cporque es parte de la publicidad y de las regal\u00edas que recibe\u201d.<\/p>\n<p>En di\u00e1logo con Radio Rivadavia, declar\u00f3 que, si bien es \u201cun evento privado\u201d, la \u201cintenci\u00f3n original\u201d de Milei era presentarlo en la Feria del Libro, pero \u201cno se pudo porque no estaban dadas las condiciones\u201d.<\/p>\n<p>\u201cEs un evento privado, sustentado con el patrimonio personal del presidente, que adem\u00e1s es lo que corresponde, y la decisi\u00f3n que tom\u00f3 fue hacerlo en el Luna Park y participar de un show musical que va m\u00e1s all\u00e1 de una presentaci\u00f3n formal como habitualmente se conoce\u201d, remarc\u00f3.<\/p>\n<p>Para finalizar, el vocero presidencial asegur\u00f3 que es \u00e9sta \u201ces la \u00fanica actividad que puede realizar\u201d Milei por fuera de \u201csu cargo de presidente de la Naci\u00f3n\u201d y que hoy estar\u00e1 presente en el evento junto al legislador Jos\u00e9 Luis Espert.<\/p>\n<p>Paralelamente, trascendi\u00f3 qui\u00e9nes son los m\u00fasicos que lo acompa\u00f1ar\u00e1n en el escenario y que forman parte de la \u201cBanda Liberal\u201d: El diputado nacional por La Libertad Avanza Alberto Benegas Lynch tocar\u00e1 la bater\u00eda y su hermano Joaqu\u00edn, el bajo; tambi\u00e9n estar\u00e1 presente Marcelo Ducl\u00f3s, bi\u00f3grafo del Presidente y autor de \u2018Milei: la revoluci\u00f3n que no vieron venir\u2019.<\/p>\n","protected":false},"excerpt":{"rendered":"<p>El vocero presidencial confirm\u00f3 que el evento que realizar\u00e1 Javier Milei en el Luna Park incluye un recital porque \u201cva m\u00e1s all\u00e1 de una presentaci\u00f3n formal\u201d y por las \u201cregal\u00edas\u201d que recibe &nbsp; &nbsp; El vocero presidencial Manuel Adorni afirm\u00f3 que el presidente Javier Milei realizar\u00e1 un show musical, durante la presentaci\u00f3n de su libro \u2018Capitalismo, socialismo y la trampa neocl\u00e1sica\u2019, \u201cporque es parte de la publicidad y de las regal\u00edas que recibe\u201d. En di\u00e1logo con Radio Rivadavia, declar\u00f3 que, si bien es \u201cun evento privado\u201d, la \u201cintenci\u00f3n original\u201d de&#8230;<\/p>\n","protected":false},"author":3,"featured_media":114899,"comment_status":"closed","ping_status":"closed","sticky":false,"template":"","format":"standard","meta":[],"categories":[18],"tags":[],"_links":{"self":[{"href":"https:\/\/www.actualidadadiario.com\/index.php\/wp-json\/wp\/v2\/posts\/114898"}],"collection":[{"href":"https:\/\/www.actualidadadiario.com\/index.php\/wp-json\/wp\/v2\/posts"}],"about":[{"href":"https:\/\/www.actualidadadiario.com\/index.php\/wp-json\/wp\/v2\/types\/post"}],"author":[{"embeddable":true,"href":"https:\/\/www.actualidadadiario.com\/index.php\/wp-json\/wp\/v2\/users\/3"}],"replies":[{"embeddable":true,"href":"https:\/\/www.actualidadadiario.com\/index.php\/wp-json\/wp\/v2\/comments?post=114898"}],"version-history":[{"count":1,"href":"https:\/\/www.actualidadadiario.com\/index.php\/wp-json\/wp\/v2\/posts\/114898\/revisions"}],"predecessor-version":[{"id":114900,"href":"https:\/\/www.actualidadadiario.com\/index.php\/wp-json\/wp\/v2\/posts\/114898\/revisions\/114900"}],"wp:featuredmedia":[{"embeddable":true,"href":"https:\/\/www.actualidadadiario.com\/index.php\/wp-json\/wp\/v2\/media\/114899"}],"wp:attachment":[{"href":"https:\/\/www.actualidadadiario.com\/index.php\/wp-json\/wp\/v2\/media?parent=114898"}],"wp:term":[{"taxonomy":"category","embeddable":true,"href":"https:\/\/www.actualidadadiario.com\/index.php\/wp-json\/wp\/v2\/categories?post=114898"},{"taxonomy":"post_tag","embeddable":true,"href":"https:\/\/www.actualidadadiario.com\/index.php\/wp-json\/wp\/v2\/tags?post=114898"}],"curies":[{"name":"wp","href":"https:\/\/api.w.org\/{rel}","templated":true}]}}