{"id":114895,"date":"2024-05-22T12:38:15","date_gmt":"2024-05-22T15:38:15","guid":{"rendered":"https:\/\/www.actualidadadiario.com\/?p=114895"},"modified":"2024-05-22T12:38:24","modified_gmt":"2024-05-22T15:38:24","slug":"el-gobierno-oficializo-el-acto-del-25-de-mayo-en-la-ciudad-de-cordoba","status":"publish","type":"post","link":"https:\/\/www.actualidadadiario.com\/index.php\/2024\/05\/22\/el-gobierno-oficializo-el-acto-del-25-de-mayo-en-la-ciudad-de-cordoba\/","title":{"rendered":"El Gobierno oficializ\u00f3 el acto del 25 de Mayo en la Ciudad de C\u00f3rdoba"},"content":{"rendered":"<p style=\"text-align: center;\"><em><strong>&#8220;All\u00ed, el presidente y pueblo se encontrar\u00e1n para celebrar la libertad&#8221;, se\u00f1al\u00f3 un comunicado<\/strong><\/em><\/p>\n<p>&nbsp;<\/p>\n<p>&nbsp;<\/p>\n<p>La Oficina del Presidente de la Rep\u00fablica Argentina (OPRA) confirm\u00f3 que Javier Milei &#8220;se har\u00e1 presente en la Ciudad de C\u00f3rdoba para celebrar los 214 a\u00f1os de la Revoluci\u00f3n de Mayo junto al pueblo argentino&#8221;, en lo que ser\u00e1 &#8220;un nuevo Cabildo Abierto este 25 de Mayo&#8221;.<\/p>\n<p>A trav\u00e9s de un comunicado en la red social X, el Gobierno convoc\u00f3 a la ciudadan\u00eda a asistir al acto que encabezar\u00e1 Milei en el que se celebrar\u00e1 &#8220;el inicio del proceso que result\u00f3 en la Independencia argentina, la destituci\u00f3n del virrey Baltasar Hidalgo de Cisneros y la jura de la Primera Junta de Gobierno de las Provincias Unidas del R\u00edo de la Plata&#8221;.<\/p>\n<p>&#8220;La celebraci\u00f3n comenzar\u00e1 a las 14 y se llevar\u00e1 a cabo en la Plaza San Martin frente al Cabildo de C\u00f3rdoba&#8221;. Desde la OPRA se\u00f1alaron que all\u00ed &#8220;el Presidente Javier Milei y el pueblo argentino se encontrar\u00e1n una vez m\u00e1s para celebrar la libertad&#8221;, remarc\u00f3 el comunicado oficial.<\/p>\n<p>Adem\u00e1s, y en referencia a la suspensi\u00f3n de la cumbre que iba a tener lugar este s\u00e1bado, la OPRA se\u00f1al\u00f3 que &#8220;Como explic\u00f3 el Presidente en su discurso de Apertura de Sesiones Ordinarias el 1 de marzo, el Pacto de Mayo, que busca reinsertar a nuestro pueblo en la senda del desarrollo y la prosperidad, se firmar\u00e1 con los gobernadores, el Jefe de Gobierno de la Ciudad de Buenos Aires,\u00a0 y representantes del sector empresarial, cuando se hayan aprobado la Ley Bases y la Reforma Fiscal&#8221;.<\/p>\n","protected":false},"excerpt":{"rendered":"<p>&#8220;All\u00ed, el presidente y pueblo se encontrar\u00e1n para celebrar la libertad&#8221;, se\u00f1al\u00f3 un comunicado &nbsp; &nbsp; La Oficina del Presidente de la Rep\u00fablica Argentina (OPRA) confirm\u00f3 que Javier Milei &#8220;se har\u00e1 presente en la Ciudad de C\u00f3rdoba para celebrar los 214 a\u00f1os de la Revoluci\u00f3n de Mayo junto al pueblo argentino&#8221;, en lo que ser\u00e1 &#8220;un nuevo Cabildo Abierto este 25 de Mayo&#8221;. A trav\u00e9s de un comunicado en la red social X, el Gobierno convoc\u00f3 a la ciudadan\u00eda a asistir al acto que encabezar\u00e1 Milei en el que se&#8230;<\/p>\n","protected":false},"author":3,"featured_media":114896,"comment_status":"closed","ping_status":"closed","sticky":false,"template":"","format":"standard","meta":[],"categories":[18],"tags":[],"_links":{"self":[{"href":"https:\/\/www.actualidadadiario.com\/index.php\/wp-json\/wp\/v2\/posts\/114895"}],"collection":[{"href":"https:\/\/www.actualidadadiario.com\/index.php\/wp-json\/wp\/v2\/posts"}],"about":[{"href":"https:\/\/www.actualidadadiario.com\/index.php\/wp-json\/wp\/v2\/types\/post"}],"author":[{"embeddable":true,"href":"https:\/\/www.actualidadadiario.com\/index.php\/wp-json\/wp\/v2\/users\/3"}],"replies":[{"embeddable":true,"href":"https:\/\/www.actualidadadiario.com\/index.php\/wp-json\/wp\/v2\/comments?post=114895"}],"version-history":[{"count":1,"href":"https:\/\/www.actualidadadiario.com\/index.php\/wp-json\/wp\/v2\/posts\/114895\/revisions"}],"predecessor-version":[{"id":114897,"href":"https:\/\/www.actualidadadiario.com\/index.php\/wp-json\/wp\/v2\/posts\/114895\/revisions\/114897"}],"wp:featuredmedia":[{"embeddable":true,"href":"https:\/\/www.actualidadadiario.com\/index.php\/wp-json\/wp\/v2\/media\/114896"}],"wp:attachment":[{"href":"https:\/\/www.actualidadadiario.com\/index.php\/wp-json\/wp\/v2\/media?parent=114895"}],"wp:term":[{"taxonomy":"category","embeddable":true,"href":"https:\/\/www.actualidadadiario.com\/index.php\/wp-json\/wp\/v2\/categories?post=114895"},{"taxonomy":"post_tag","embeddable":true,"href":"https:\/\/www.actualidadadiario.com\/index.php\/wp-json\/wp\/v2\/tags?post=114895"}],"curies":[{"name":"wp","href":"https:\/\/api.w.org\/{rel}","templated":true}]}}