{"id":114892,"date":"2024-05-22T12:28:33","date_gmt":"2024-05-22T15:28:33","guid":{"rendered":"https:\/\/www.actualidadadiario.com\/?p=114892"},"modified":"2024-05-22T12:28:33","modified_gmt":"2024-05-22T15:28:33","slug":"el-gobierno-oficializo-la-designacion-de-la-hija-de-domingo-cavallo-como-embajadora-ante-la-oea","status":"publish","type":"post","link":"https:\/\/www.actualidadadiario.com\/index.php\/2024\/05\/22\/el-gobierno-oficializo-la-designacion-de-la-hija-de-domingo-cavallo-como-embajadora-ante-la-oea\/","title":{"rendered":"El Gobierno oficializ\u00f3 la designaci\u00f3n de la hija de Domingo Cavallo como embajadora ante la OEA"},"content":{"rendered":"<p style=\"text-align: center;\"><em><strong>Se trata de Sonia Cavallo. Es licenciada en Econom\u00eda y hace m\u00e1s de 20 a\u00f1os que reside en Estados Unidos. Su nombramiento se hizo efectivo a trav\u00e9s del Decreto 433\/2024<\/strong><\/em><\/p>\n<p>&nbsp;<\/p>\n<p>&nbsp;<\/p>\n<p>Mediante el Bolet\u00edn Oficial, el Gobierno Nacional oficializ\u00f3 el mi\u00e9rcoles la designaci\u00f3n de Sonia Cavallo, la hija del exministro de Econom\u00eda, Domingo Felipe Cavallo, como embajadora de la OEA. La licenciada reside en los Estados Unidos desde hace m\u00e1s de 20 a\u00f1os. Se hizo efectivo a trav\u00e9s del Decreto 433\/2024 que fue firmado por el presidente Javier Milei y la canciller Diana Mondino.<\/p>\n<p>La licenciada en Econom\u00eda tiene 51 a\u00f1os y naci\u00f3 en C\u00f3rdoba. Est\u00e1 graduada en la Universidad de San Andr\u00e9s, tiene una maestr\u00eda en pol\u00edticas p\u00fablicas en la Universidad de Harvard y fue parte del Centro de Pol\u00edticas P\u00fablicas para la Equidad (CIPPEC).<\/p>\n<p>Escribi\u00f3 dos libros junto a su padre Domingo llamados: \u201cHistoria Econ\u00f3mica de la Argentina\u201d y \u201cArgentina\u2019s Economic Reforms of the 1990s in Contemporary and Historical Perspective\u201d. Esto se dio luego de que el martes, Domingo Cavallo le recomend\u00f3 a Milei comenzar a flexibilizar las restricciones cambiarias y avanzar en la creaci\u00f3n de \u201cun mercado libre para el d\u00f3lar\u201d. De esta manera, eso implicar\u00eda eliminar el cepo.<\/p>\n<p>&nbsp;<\/p>\n<p><strong>Qu\u00e9 le pidi\u00f3 Cavallo a Milei<\/strong><\/p>\n<p>El ex ministro de Econom\u00eda Domingo Cavallo manifest\u00f3 la necesidad de crear un mercado libre para el d\u00f3lar y levantar el cepo lo m\u00e1s r\u00e1pido posible. En el marco del 41\u00b0 Congreso Anual del Instituto Argentino de Ejecutivos de Finanzas (IAEF) que cerrar\u00e1 el presidente Javier Milei, el economista solicit\u00f3 al mandatario cumplir con sus promesas de campa\u00f1a: \u201cPor el momento Milei ha postergado cosas que dec\u00eda durante la campa\u00f1a. A mi me sorprende que no hayan creado un mercado libre para el d\u00f3lar. Eso significa eliminar el cepo para todas las transacciones monetarias y financieras y dejarlo exclusivamente para las transacciones comerciales\u201d.<\/p>\n<p>Seg\u00fan revel\u00f3 la periodista Liliana Franco en \u00c1mbito Financiero, el ex funcionario de La Alianza se expres\u00f3 en concordancia con la ideas liberales del gobierno y opin\u00f3 que debe haber un mercado libre &#8220;para todo otro tipo de transacciones, la gente tiene que poder comprar los d\u00f3lares o las divisas que necesite para pagos al exterior y tambi\u00e9n de esa forma se estar\u00e1n abriendo las puertas para que entren capitales del exterior que son indispensables para poder progresar&#8221;.<\/p>\n","protected":false},"excerpt":{"rendered":"<p>Se trata de Sonia Cavallo. Es licenciada en Econom\u00eda y hace m\u00e1s de 20 a\u00f1os que reside en Estados Unidos. Su nombramiento se hizo efectivo a trav\u00e9s del Decreto 433\/2024 &nbsp; &nbsp; Mediante el Bolet\u00edn Oficial, el Gobierno Nacional oficializ\u00f3 el mi\u00e9rcoles la designaci\u00f3n de Sonia Cavallo, la hija del exministro de Econom\u00eda, Domingo Felipe Cavallo, como embajadora de la OEA. La licenciada reside en los Estados Unidos desde hace m\u00e1s de 20 a\u00f1os. Se hizo efectivo a trav\u00e9s del Decreto 433\/2024 que fue firmado por el presidente Javier Milei&#8230;<\/p>\n","protected":false},"author":3,"featured_media":114893,"comment_status":"closed","ping_status":"closed","sticky":false,"template":"","format":"standard","meta":[],"categories":[18],"tags":[],"_links":{"self":[{"href":"https:\/\/www.actualidadadiario.com\/index.php\/wp-json\/wp\/v2\/posts\/114892"}],"collection":[{"href":"https:\/\/www.actualidadadiario.com\/index.php\/wp-json\/wp\/v2\/posts"}],"about":[{"href":"https:\/\/www.actualidadadiario.com\/index.php\/wp-json\/wp\/v2\/types\/post"}],"author":[{"embeddable":true,"href":"https:\/\/www.actualidadadiario.com\/index.php\/wp-json\/wp\/v2\/users\/3"}],"replies":[{"embeddable":true,"href":"https:\/\/www.actualidadadiario.com\/index.php\/wp-json\/wp\/v2\/comments?post=114892"}],"version-history":[{"count":1,"href":"https:\/\/www.actualidadadiario.com\/index.php\/wp-json\/wp\/v2\/posts\/114892\/revisions"}],"predecessor-version":[{"id":114894,"href":"https:\/\/www.actualidadadiario.com\/index.php\/wp-json\/wp\/v2\/posts\/114892\/revisions\/114894"}],"wp:featuredmedia":[{"embeddable":true,"href":"https:\/\/www.actualidadadiario.com\/index.php\/wp-json\/wp\/v2\/media\/114893"}],"wp:attachment":[{"href":"https:\/\/www.actualidadadiario.com\/index.php\/wp-json\/wp\/v2\/media?parent=114892"}],"wp:term":[{"taxonomy":"category","embeddable":true,"href":"https:\/\/www.actualidadadiario.com\/index.php\/wp-json\/wp\/v2\/categories?post=114892"},{"taxonomy":"post_tag","embeddable":true,"href":"https:\/\/www.actualidadadiario.com\/index.php\/wp-json\/wp\/v2\/tags?post=114892"}],"curies":[{"name":"wp","href":"https:\/\/api.w.org\/{rel}","templated":true}]}}