{"id":114888,"date":"2024-05-22T12:27:22","date_gmt":"2024-05-22T15:27:22","guid":{"rendered":"https:\/\/www.actualidadadiario.com\/?p=114888"},"modified":"2024-05-22T12:27:31","modified_gmt":"2024-05-22T15:27:31","slug":"tras-la-gira-de-milei-la-coalicion-civica-presento-un-proyecto-para-prohibir-el-uso-personal-de-las-aeronaves-del-estado","status":"publish","type":"post","link":"https:\/\/www.actualidadadiario.com\/index.php\/2024\/05\/22\/tras-la-gira-de-milei-la-coalicion-civica-presento-un-proyecto-para-prohibir-el-uso-personal-de-las-aeronaves-del-estado\/","title":{"rendered":"Tras la gira de Milei, la Coalici\u00f3n C\u00edvica present\u00f3 un proyecto para prohibir el uso personal de las aeronaves del Estado"},"content":{"rendered":"<p style=\"text-align: center;\"><em><strong>Los legisladores presentaron un proyecto para evitar el &#8220;abuso&#8221; de los aviones oficiales y prohibir su utilizaci\u00f3n personal y\/o electoral. Adem\u00e1s, proponen crear un Registro P\u00fablico para que los funcionarios informen cada uno de sus traslados y sus costos<\/strong><\/em><\/p>\n<p>&nbsp;<\/p>\n<p>&nbsp;<\/p>\n<p>Tras la gira personal del presidente Javier Milei por Espa\u00f1a, el bloque de diputados de la Coalici\u00f3n C\u00edvica (CC) present\u00f3 un proyecto para evitar el &#8220;abuso&#8221; de los aviones oficiales y prohibir su utilizaci\u00f3n personal, pol\u00edtica y\/o electoral.<\/p>\n<p>\u201cEl uso personal y pol\u00edtico de las aeronaves p\u00fablicas es una pr\u00e1ctica consolidada desde hace a\u00f1os a la que Milei no deber\u00eda plegarse\u201d, apuntaron desde la oposici\u00f3n frente al viaje personal que realiz\u00f3 el mandatario a Espa\u00f1a en el avi\u00f3n presidencial.<\/p>\n<p>La iniciativa de la CC propone la creaci\u00f3n de un Registro P\u00fablico donde los funcionarios deber\u00e1n informar cada uno de los traslados realizados y sus costos. El objetivo es optimizar la gesti\u00f3n de las aeronaves del Estado y garantizar su disponibilidad para la prestaci\u00f3n efectiva de servicios p\u00fablicos.<\/p>\n<p>Adem\u00e1s, busca promover el uso responsable y austero terminando con una pr\u00e1ctica consolidada de la pol\u00edtica que utiliza estos recursos p\u00fablicos discrecionalmente. \u201cSe debe prohibir de manera expresa el uso personal, pol\u00edtico y electoral de las aeronaves del Estado, para evitar que se desv\u00eden de su prop\u00f3sito p\u00fablico para servir a intereses particulares\u201d, sostuvieron.<\/p>\n<p>\u201cDesde Cristina Kirchner que se hac\u00eda llevar los diarios a R\u00edo Gallegos en el Tango 03 y viajaba en el avi\u00f3n de YPF hasta los gobernadores que utilizan los aviones sanitarios como si fueran propios, la pol\u00edtica desv\u00eda recursos que deber\u00edan estar al servicio de la sociedad\u201d, expres\u00f3 Juan Manuel L\u00f3pez, presidente del bloque en Diputados.<\/p>\n<p>Para el diputado, la utilizaci\u00f3n abusiva de las aeronaves p\u00fablicas fue posible debido a la falta de una norma que regule el registro, control y seguimiento sobre el uso de estos recursos. Y consider\u00f3: \u201cLa sociedad nos reclama gestos de austeridad. El Presidente Javier Milei no deber\u00eda habituarse a este tipo de pr\u00e1cticas\u201d.<\/p>\n<p>La gira de Milei por Espa\u00f1a para participar de la cumbre del Vox -en la que lanz\u00f3 dichos contra el presidente de Espa\u00f1a, Pedro S\u00e1nchez, que llevaron a la crisis diplom\u00e1tica actual- gener\u00f3 pol\u00e9mica por los costos de su viaje en el avi\u00f3n presidencial.\u00a0 Fue el vocero presidencial, Manuel Adorni, quien justific\u00f3 la gira del libertario con el encuentro que mantuvo en la Embajada de Argentina en Madrid con empresarios espa\u00f1oles. \u201cLo m\u00e1s importante de la agenda es que se re\u00fane con los principales empresarios, que tienen una gran participaci\u00f3n en las inversiones argentinas&#8221;, hab\u00eda remarcado en conferencia de prensa al ser consultado sobre la falta de reuniones oficiales del mandatario durante el viaje.<\/p>\n<p>&nbsp;<\/p>\n<p><strong>La UCR exigi\u00f3 informaci\u00f3n a la Oficina Anticorrupci\u00f3n por presuntas irregularidades<\/strong><\/p>\n<p>La diputada y vicepresidenta del bloque de la UCR en la C\u00e1mara baja, Karina Banfi, solicit\u00f3 a la Oficina Anticorrupci\u00f3n detalles sobre el viaje de\u00a0 Milei a Espa\u00f1a para determinar si se incumpli\u00f3 la Ley de \u00c9tica P\u00fablica. &#8220;\u00bfTuvo agenda oficial? \u00bfEl secretario de Culto era parte de la comitiva? Gastos. \u00bfQui\u00e9n los pag\u00f3? Tenemos la libertad de saber sobre los actos de gobierno y c\u00f3mo se usan los recursos&#8221;, escribi\u00f3 la diputada en su cuenta de X, junto a la nota enviada a Alejandro Melik, a cargo de la Oficina Anticorrupci\u00f3n.<\/p>\n<p>Banfi solicit\u00f3 que se eval\u00fae la posibilidad de incompatibilidad en el ejercicio de la funci\u00f3n durante el viaje de Milei a Madrid entre el 16 y 20 de mayo. &#8220;Seg\u00fan la informaci\u00f3n disponible, las principales actividades del Sr. Presidente fueron la participaci\u00f3n en el evento pol\u00edtico partidario Europa Viva 24 organizado por la agrupaci\u00f3n espa\u00f1ola Vox y la presentaci\u00f3n de su libro organizada por Grupo Planeta. Se agrega una reuni\u00f3n con empresarios sobre la que no constan detalles acerca de su relevancia y objeto. El traslado a Espa\u00f1a se realiz\u00f3 en el avi\u00f3n presidencial ARG-01. Hasta el momento, no se cuenta con informaci\u00f3n sobre si los gastos de estad\u00eda del Presidente y su comitiva fueron cubiertos tambi\u00e9n con presupuesto p\u00fablico o por quienes invitaron al Presidente&#8221;, expres\u00f3 en su pedido de informaci\u00f3n.<\/p>\n<p>La legisladora cit\u00f3 la Ley de \u00c9tica P\u00fablica 25.188, que establece que los funcionarios deben &#8220;desempe\u00f1arse con honestidad, probidad, rectitud, buena fe y austeridad republicana&#8221; y &#8220;abstenerse de usar las instalaciones y servicios del Estado para su beneficio particular o para el de sus familiares&#8221;. Ante esta situaci\u00f3n, solicit\u00f3 a la Oficina Anticorrupci\u00f3n un informe para determinar si el viaje cumpli\u00f3 con los requisitos de austeridad y velar por el inter\u00e9s p\u00fablico sobre el particular.<\/p>\n<p>&#8220;Asimismo, le solicito especifique si existen normas sobre discriminaci\u00f3n de gastos relativos a actividades no oficiales respecto de gastos inherentes al hecho de ejercer la presidencia, y si se aplicaron en el caso de este viaje. La consulta aplica tanto al viaje del Presidente de la Naci\u00f3n como a la participaci\u00f3n de otros funcionarios que formaron parte de la comitiva presidencial, tales como el Secretario de Culto, Sr. Francisco S\u00e1nchez, o la Secretaria General de la Presidencia, Sra. Karina Milei&#8221;, puntualiz\u00f3 Banfi.<\/p>\n","protected":false},"excerpt":{"rendered":"<p>Los legisladores presentaron un proyecto para evitar el &#8220;abuso&#8221; de los aviones oficiales y prohibir su utilizaci\u00f3n personal y\/o electoral. Adem\u00e1s, proponen crear un Registro P\u00fablico para que los funcionarios informen cada uno de sus traslados y sus costos &nbsp; &nbsp; Tras la gira personal del presidente Javier Milei por Espa\u00f1a, el bloque de diputados de la Coalici\u00f3n C\u00edvica (CC) present\u00f3 un proyecto para evitar el &#8220;abuso&#8221; de los aviones oficiales y prohibir su utilizaci\u00f3n personal, pol\u00edtica y\/o electoral. \u201cEl uso personal y pol\u00edtico de las aeronaves p\u00fablicas es una&#8230;<\/p>\n","protected":false},"author":3,"featured_media":114889,"comment_status":"closed","ping_status":"closed","sticky":false,"template":"","format":"standard","meta":[],"categories":[18],"tags":[],"_links":{"self":[{"href":"https:\/\/www.actualidadadiario.com\/index.php\/wp-json\/wp\/v2\/posts\/114888"}],"collection":[{"href":"https:\/\/www.actualidadadiario.com\/index.php\/wp-json\/wp\/v2\/posts"}],"about":[{"href":"https:\/\/www.actualidadadiario.com\/index.php\/wp-json\/wp\/v2\/types\/post"}],"author":[{"embeddable":true,"href":"https:\/\/www.actualidadadiario.com\/index.php\/wp-json\/wp\/v2\/users\/3"}],"replies":[{"embeddable":true,"href":"https:\/\/www.actualidadadiario.com\/index.php\/wp-json\/wp\/v2\/comments?post=114888"}],"version-history":[{"count":2,"href":"https:\/\/www.actualidadadiario.com\/index.php\/wp-json\/wp\/v2\/posts\/114888\/revisions"}],"predecessor-version":[{"id":114891,"href":"https:\/\/www.actualidadadiario.com\/index.php\/wp-json\/wp\/v2\/posts\/114888\/revisions\/114891"}],"wp:featuredmedia":[{"embeddable":true,"href":"https:\/\/www.actualidadadiario.com\/index.php\/wp-json\/wp\/v2\/media\/114889"}],"wp:attachment":[{"href":"https:\/\/www.actualidadadiario.com\/index.php\/wp-json\/wp\/v2\/media?parent=114888"}],"wp:term":[{"taxonomy":"category","embeddable":true,"href":"https:\/\/www.actualidadadiario.com\/index.php\/wp-json\/wp\/v2\/categories?post=114888"},{"taxonomy":"post_tag","embeddable":true,"href":"https:\/\/www.actualidadadiario.com\/index.php\/wp-json\/wp\/v2\/tags?post=114888"}],"curies":[{"name":"wp","href":"https:\/\/api.w.org\/{rel}","templated":true}]}}