{"id":114884,"date":"2024-05-22T12:26:07","date_gmt":"2024-05-22T15:26:07","guid":{"rendered":"https:\/\/www.actualidadadiario.com\/?p=114884"},"modified":"2024-05-22T12:26:07","modified_gmt":"2024-05-22T15:26:07","slug":"con-el-voto-radical-la-oposicion-consiguio-empujar-en-diputados-el-financiamiento-universitario","status":"publish","type":"post","link":"https:\/\/www.actualidadadiario.com\/index.php\/2024\/05\/22\/con-el-voto-radical-la-oposicion-consiguio-empujar-en-diputados-el-financiamiento-universitario\/","title":{"rendered":"Con el voto radical, la oposici\u00f3n consigui\u00f3 empujar en Diputados el financiamiento universitario"},"content":{"rendered":"<p style=\"text-align: center;\"><em><strong>En una sesi\u00f3n tensa, la oposici\u00f3n logr\u00f3 emplazar las Comisiones de Presupuesto y Educaci\u00f3n por el financiamiento a las universidades y la reversi\u00f3n del Fonid. El oficialismo busc\u00f3 desactivar la sesi\u00f3n hasta \u00faltimo momento. Milei acus\u00f3 recibo. La oposici\u00f3n ahora buscar\u00e1 dictamen en comisiones este jueves. &#8220;Qui\u00e9n sabe qu\u00e9 culpas tiene que lavar De Loredo para habernos metido en esto&#8221;, se quej\u00f3 el macrista Finocchiaro<\/strong><\/em><\/p>\n<p>&nbsp;<\/p>\n<p>&nbsp;<\/p>\n<p>Ni el anuncio del vocero presidencial sobre el arribo a un acuerdo con los rectores de las universidades nacionales, logr\u00f3 evitar que la oposici\u00f3n saliera a marcarle la cancha al gobierno por el presupuesto universitario.<\/p>\n<p>En una sesi\u00f3n tensa, marcada por las acusaciones de traici\u00f3n entre el radicalismo y el PRO, la oposici\u00f3n logr\u00f3 emplazar las comisiones de Presupuesto y Educaci\u00f3n para dictaminar un proyecto de financiamiento universitario. Fue gracias a un acuerdo entre la UCR, Uni\u00f3n por la Patria, la Coalici\u00f3n C\u00edvica y Hacemos Coalici\u00f3n Federal (HCF) que se logr\u00f3 llevar a la C\u00e1mara de Diputados no solo la demanda por las partidas para las universidades, sino la pr\u00f3rroga del Fonid: un tema que el gobierno ha buscado sepultar desde hace meses. Minutos despu\u00e9s, Javier Milei advert\u00eda que iba a vetar todos los proyectos del Congreso que &#8220;rompan el equilibrio fiscal&#8221;, lo hizo en el cierre del Congreso Anual del IAEF.<\/p>\n<p>El oficialismo, que busc\u00f3 desactivar la sesi\u00f3n hasta \u00faltimo momento, s\u00ed logro evitar que le aprobaran sobre tablas un proyecto que propon\u00eda ajustar mensualmente por IPC las partidas destinadas a las universidades. No estaban los dos tercios para aprobarlo, pero el jueves la oposici\u00f3n buscar\u00e1 dictaminar la iniciativa y llevarla al recinto en junio. En el peronismo sacaban pecho: la oposici\u00f3n hab\u00eda logrado sumar unas 152 voluntades para emplazar las comisiones y podr\u00eda volver a sumar el mismo n\u00famero para otras iniciativas en el futuro. En La Libertad Avanza y el PRO, mientras tanto, rumiaban bronca y apuntaban los ca\u00f1ones contra Rodrigo de Loredo, impulsor de la sesi\u00f3n. &#8220;Rodrigo est\u00e1 muerto&#8221;, desliz\u00f3, furioso, un importante dirigente del PRO.<\/p>\n<p>&nbsp;<\/p>\n<p><strong>Interna radical<\/strong><\/p>\n<p>El radicalismo amaneci\u00f3 inquieto. La tarde anterior, Mart\u00edn Menem hab\u00eda convocado a un plenario de comisiones de Presupuesto y Educaci\u00f3n para tratar los proyectos de financiamiento universitario: el objetivo era desactivar la sesi\u00f3n convocada por la UCR que ten\u00eda como objetivo forzar esa convocatoria (ya que no contaban con los dos tercios para aprobar los proyectos sobre tablas). Apenas se supo de la citaci\u00f3n del plenario, sin embargo, UxP jug\u00f3 r\u00e1pido y anunci\u00f3 en sus redes que dar\u00eda qu\u00f3rum para la sesi\u00f3n. La UCR hab\u00eda quedado expuesta: no pod\u00eda no dar qu\u00f3rum &#8211;de nuevo&#8211; a una sesi\u00f3n por temas educativos que, encima, hab\u00eda convocado. Pero fue el anuncio de Manuel Adorni que habr\u00eda un incremento del 270 por ciento en los gastos de financiamiento de las 60 universidades nacionales lo que termin\u00f3 desatando la crisis interna radical.<\/p>\n<p>Rodrigo de Loredo no quer\u00eda dar de baja la sesi\u00f3n. El argumento era que no confiaba en que el gobierno nacional fuese a concretar ese aumento presupuestario. &#8220;La resoluci\u00f3n del aumento de fondos no est\u00e1 y no sabemos si se va a materializar&#8221;, explicaban en su entorno. Los diputados de Evoluci\u00f3n, sin embargo, le recriminaban que avanzar con la sesi\u00f3n echar\u00eda por tierra el acuerdo que los rectores hab\u00edan alcanzado con el gobierno. Y, por lo bajo, agregaban: &#8220;Est\u00e1 buscando exponer a Yacobitti por lo de los fondos de la UBA&#8221;. Era una pelea interna entre De Loredo\/Alfredo Cornejo y Emiliano Yacobitti\/Mart\u00edn Lousteau.<\/p>\n<p>Pese a las objeciones internas, De Loredo logr\u00f3 convencer a casi todo el bloque de bajar a la sesi\u00f3n. All\u00ed los esperaban los diputados de UxP y la izquierda. HCF, mientras tanto, manifestaba su irritaci\u00f3n: De Loredo nunca se hab\u00eda molestado en convocarlos para conseguir el qu\u00f3rum y se quejaban de &#8220;tener que seguirle el juego a la interna radical&#8221;. Todos, menos Miguel Angel Pichetto (que estaba furioso con De Loredo), terminaron dando qu\u00f3rum, sin embargo: ninguno quer\u00eda quedar expuesto. Agust\u00edn Domingo (Juntos Somos R\u00edo Negro) y Osvaldo Llancafilo (Movimiento Popular Neuquino) tambi\u00e9n participar\u00edan de la sesi\u00f3n, junto a la Coalici\u00f3n C\u00edvica. En cambio, Innovaci\u00f3n Federal (IF), La Libertad Avanza y el PRO no bajaron al recinto hasta que, con un qu\u00f3rum de 138 presentes, la sesi\u00f3n comenz\u00f3.<\/p>\n<p>&nbsp;<\/p>\n<p><strong>Desconfianza y mayor\u00eda opositora<\/strong><\/p>\n<p>Fue una sesi\u00f3n extensa, atravesada por discusiones reglamentarias y cuestiones de privilegio que los diputados se iban tirando mutuamente por la cabeza. Los libertarios &#8211; que no suelen tener mucho protagonismo en el recinto &#8211; defendieron las declaraciones que Javier Milei hab\u00eda esbozado en Espa\u00f1a contra Pedro S\u00e1nchez y su esposa. Cecilia Moreau (UxP), mientras tanto, pidi\u00f3 un apartamiento de reglamento para repudiar los dichos del secretario de Culto, Francisco S\u00e1nchez, quien se hab\u00eda manifestado en contra del divorcio, el matrimonio igualitario y la interrupci\u00f3n voluntaria del embarazo. No lleg\u00f3, sin embargo, a los tres cuartos del recinto necesarios: hubo 140 votos afirmativos y 71 negativos. El PRO &#8211; todos excepto Silvia Lospennato y Mar\u00eda Eugenia Vidal -, LLA, Oscar Agost Carre\u00f1o (HCF), Nicol\u00e1s Massot (HCF) y el radical Francisco Monti salieron en defensa de S\u00e1nchez.<\/p>\n<p>Hubo, adem\u00e1s, un pedido de apartamiento de reglamento de Lospennato contra el intendente de La Matanza, Fernando Espinoza, procesado por abuso sexual. Aunque tampoco lleg\u00f3 a los tres cuartos para su aprobaci\u00f3n.<\/p>\n<p>Mientras todo esto suced\u00eda, los alfiles de la UCR, UxP, HCF y la izquierda iban movi\u00e9ndose de una banca a la otra. Germ\u00e1n Mart\u00ednez conversaba con De Loredo, Blanca Osuna y Paula Penacca (UxP) discut\u00edan con Nicol\u00e1s Massot y el cordob\u00e9s Ignacio Garc\u00eda Aresca. Se sumar\u00edan a la cumbre, despu\u00e9s, la salte\u00f1a Pamela Calletti y el misionero Carlos Fern\u00e1ndez (IF). El objetivo era definir la forma final que tendr\u00edan las mociones para emplazar las comisiones de Presupuesto y Educaci\u00f3n para tratar el financiamiento universitario, por un lado, y el FONID, por otro. No era sencillo: UxP quer\u00eda que votaran las dos al mismo tiempo, de modo de garantizarse que se aprobar\u00eda tambi\u00e9n el tratamiento del FONID, mientras que el PRO buscaba negociar con la UCR para separar los temas y dejar solo al peronismo con el FONID.<\/p>\n<p>Finalmente se defini\u00f3 incluir los dos emplazamientos en una sola moci\u00f3n (es decir, predomin\u00f3 el acuerdo UCR-UxP): el jueves a las 14 se reunir\u00eda el plenario de comisiones para emitir dictamen del proyecto que busca actualizar mensualmente por inflaci\u00f3n las partidas destinadas a las universidades; el jueves en el mismo horario se debatir\u00eda la pr\u00f3rroga del FONID y el martes 28 se dictaminar\u00eda. Esta moci\u00f3n fue aprobada por 152 votos a favor y 82 en contra. Minutos antes, sin embargo, se hab\u00eda rechazado el intento opositor de tratar los proyectos sobre tablas debido a la oposici\u00f3n de HCF.<\/p>\n<p>En el PRO echaban chispas. Alejandro Finocchiaro, titular de la comisi\u00f3n de Educaci\u00f3n, acus\u00f3 p\u00fablicamente a De Loredo de haber faltado a su palabra: &#8220;Qui\u00e9n sabe qu\u00e9 culpas tiene que lavar De Loredo para habernos metido en esto&#8221;, le asest\u00f3. A lo que el radical le respondi\u00f3 que hab\u00eda sido un ministro de Educaci\u00f3n &#8220;de bajo nivel&#8221;. El v\u00ednculo UCR-PRO estaba detonado.<\/p>\n","protected":false},"excerpt":{"rendered":"<p>En una sesi\u00f3n tensa, la oposici\u00f3n logr\u00f3 emplazar las Comisiones de Presupuesto y Educaci\u00f3n por el financiamiento a las universidades y la reversi\u00f3n del Fonid. El oficialismo busc\u00f3 desactivar la sesi\u00f3n hasta \u00faltimo momento. Milei acus\u00f3 recibo. La oposici\u00f3n ahora buscar\u00e1 dictamen en comisiones este jueves. &#8220;Qui\u00e9n sabe qu\u00e9 culpas tiene que lavar De Loredo para habernos metido en esto&#8221;, se quej\u00f3 el macrista Finocchiaro &nbsp; &nbsp; Ni el anuncio del vocero presidencial sobre el arribo a un acuerdo con los rectores de las universidades nacionales, logr\u00f3 evitar que la&#8230;<\/p>\n","protected":false},"author":3,"featured_media":114885,"comment_status":"closed","ping_status":"closed","sticky":false,"template":"","format":"standard","meta":[],"categories":[18],"tags":[],"_links":{"self":[{"href":"https:\/\/www.actualidadadiario.com\/index.php\/wp-json\/wp\/v2\/posts\/114884"}],"collection":[{"href":"https:\/\/www.actualidadadiario.com\/index.php\/wp-json\/wp\/v2\/posts"}],"about":[{"href":"https:\/\/www.actualidadadiario.com\/index.php\/wp-json\/wp\/v2\/types\/post"}],"author":[{"embeddable":true,"href":"https:\/\/www.actualidadadiario.com\/index.php\/wp-json\/wp\/v2\/users\/3"}],"replies":[{"embeddable":true,"href":"https:\/\/www.actualidadadiario.com\/index.php\/wp-json\/wp\/v2\/comments?post=114884"}],"version-history":[{"count":2,"href":"https:\/\/www.actualidadadiario.com\/index.php\/wp-json\/wp\/v2\/posts\/114884\/revisions"}],"predecessor-version":[{"id":114887,"href":"https:\/\/www.actualidadadiario.com\/index.php\/wp-json\/wp\/v2\/posts\/114884\/revisions\/114887"}],"wp:featuredmedia":[{"embeddable":true,"href":"https:\/\/www.actualidadadiario.com\/index.php\/wp-json\/wp\/v2\/media\/114885"}],"wp:attachment":[{"href":"https:\/\/www.actualidadadiario.com\/index.php\/wp-json\/wp\/v2\/media?parent=114884"}],"wp:term":[{"taxonomy":"category","embeddable":true,"href":"https:\/\/www.actualidadadiario.com\/index.php\/wp-json\/wp\/v2\/categories?post=114884"},{"taxonomy":"post_tag","embeddable":true,"href":"https:\/\/www.actualidadadiario.com\/index.php\/wp-json\/wp\/v2\/tags?post=114884"}],"curies":[{"name":"wp","href":"https:\/\/api.w.org\/{rel}","templated":true}]}}