{"id":114882,"date":"2024-05-22T12:24:59","date_gmt":"2024-05-22T15:24:59","guid":{"rendered":"https:\/\/www.actualidadadiario.com\/?p=114882"},"modified":"2024-05-22T12:24:59","modified_gmt":"2024-05-22T15:24:59","slug":"milei-le-declara-la-guerra-al-congreso-y-a-los-gobernadores","status":"publish","type":"post","link":"https:\/\/www.actualidadadiario.com\/index.php\/2024\/05\/22\/milei-le-declara-la-guerra-al-congreso-y-a-los-gobernadores\/","title":{"rendered":"Milei le declara la guerra al Congreso y a los gobernadores"},"content":{"rendered":"<p style=\"text-align: center;\"><em><strong>La cancelaci\u00f3n del Pacto de Mayo de Javier Milei dio por terminada la tregua con los gobernadores. Incertidumbre por ley Bases y paquete fiscal en el Congreso<\/strong><\/em><\/p>\n<p>&nbsp;<\/p>\n<p>&nbsp;<\/p>\n<p>Javier Milei acot\u00f3 anoche su ya exiguo mapa de aliados pol\u00edticos. En Diputados, la UCR, UP y partidos provinciales se unieron para avanzar en la restituci\u00f3n del Fonid y de partidas para las universidades p\u00fablicas. A la misma hora pero en el Senado, tambi\u00e9n peronistas y radicales, incluso con un sector del PRO, se coordinaban para reclamar la presencia de funcionarios del Poder Ejecutivo Nacional que expliquen el paquete fiscal. Todo mientras en Misiones se espiraliza el conflicto social que los gobernadores aliados de Casa Rosada siguen de cerca por el temor al efecto contagio en sus provincias.<\/p>\n<p>El repliegue pol\u00edtico interno de Javier Milei se camufla detr\u00e1s del conflicto bilateral con Espa\u00f1a y en medio del show musical que el Presidente ofrecer\u00e1 esta noche junto a una banda de rock libertaria que presentar\u00e1 en sociedad tambi\u00e9n a Bertie Benegas Lynch como m\u00fasico aficionado.<\/p>\n<p>Ya sin el apoyo org\u00e1nico de la UCR que anoche exhibi\u00f3 a Rodrigo De Loredo como uno de los jefes opositores en el recinto, ex aliado de Milei, el Gobierno tampoco logra en el Senado el respaldo de la Guadalupe Tagliaferri (PRO) quien cruzo al jefe de bancada de La Libertad Avanza, Ezequiel Atauche: &#8220;Si quieren sacar la ley bases y el paquete fiscal, p\u00f3nganse a trabajar&#8221;.<\/p>\n<p>&nbsp;<\/p>\n<p><strong>Javier Milei pierde un aliado<\/strong><\/p>\n<p>El desembarco de Mauricio Macri como nuevo presidente del PRO tambi\u00e9n trae audio pol\u00edtico en Casa Rosada. El ex presidente de Boca reuni\u00f3 ayer a sus tropa en sus oficinas, incluidos los gobernadores, para reafirmar el perfil opositor del partido. Macri se quiere diferenciar de Patricia Bullrich y evitar que LLA se fagocite al sello PRO de cara a las legislativas. Al expresidente le preocupa, cada vez m\u00e1s, la falta de gesti\u00f3n del Gobierno y apunta al jefe de Gabinete, Nicol\u00e1s Posse.<\/p>\n<p>Los gobernadores de Juntos, los &#8220;dialoguistas&#8221; tambi\u00e9n empiezan a encender se\u00f1ales de alarma. Ignacio Torres (PRO) de Chubut advirti\u00f3 que si el PRO se fusiona con La Libertad Avanza, abandona el espacio. El patag\u00f3nico recibi\u00f3 a Axel Kicillof en Rawson la semana pasada, antes de que el gobernador de Buenos Aires fuera recibido tambi\u00e9n por el radical Maximiliano Pullaro de Santa Fe.<\/p>\n<p>&nbsp;<\/p>\n<p><strong>Gobernadores sin Pacto de Mayo<\/strong><\/p>\n<p>El reacomodamiento del mapa opositor se aceler\u00f3 con la cancelaci\u00f3n unilateral del Pacto de Mayo anunciada por Milei. El Presidente bajo a los gobernadores de la convocatoria a C\u00f3rdoba por el 25 de mayo furioso porque la ley Bases y el paquete fiscal se empantanaron en el Senado.<\/p>\n<p>Ni siquiera habr\u00eda sesi\u00f3n la semana que viene teniendo en cuenta que el oficialismo no logra los acuerdos para emitir dictamen. El Senado reci\u00e9n podr\u00eda votar el proyecto con cambios en junio para devolverlo a Diputados. Un final incierto luego de casi 6 meses de gesti\u00f3n con idas y vueltas en el Congreso pero sin ninguna ley aprobada.<\/p>\n<p>El ministro del Interior, Guillermo Francos, el m\u00e1s moderado y negociador dentro del Gabinete, se sum\u00f3 a la guerra de Javier Milei contra el Poder Legislativo y defini\u00f3 al Congreso como un edificio viejo donde hay ratas. El Presidente venia de definir ante empresarios a los diputados y senadores como &#8220;man\u00edacos, degenerados del gasto p\u00fablico que lo \u00fanico que hacen es mandar proyectos al Congreso para romper el equilibrio fiscal&#8221;.<\/p>\n<p>&nbsp;<\/p>\n<p><strong>Advertencia al Congreso<\/strong><\/p>\n<p>Se consuma as\u00ed el mayor temor de los Gobernadores. La cancelaci\u00f3n del Pacto de Mayo no abre una nueva ventana de negociaci\u00f3n con la Casa Rosada sino que implica el final de la tregua que Milei les ofreci\u00f3 luego de su discurso de apertura de sesiones ordinarias en el Congreso el 1 de marzo pasado.<\/p>\n<p>&#8220;Yo les aviso, por si les interesa, que cualquier proyecto que manden desde el Congreso, que quieran romper el equilibrio fiscal, romper la caja y hacer volar este pa\u00eds por los aires, se los voy a vetar. Me importa tres carajos&#8221;, asegur\u00f3 anoche en su discurso de cierre del 41\u00ba Congreso Anual del IAEF.<\/p>\n<p>El problema para el Gobierno es que, cancelado el Pacto de Mayo donde se iba a debatir un nuevo esquema de distribuci\u00f3n de recursos, ahora los gobernadores vuelven a la carga con reclamos a trav\u00e9s del Congreso donde comienzan a reagrupar fuerzas en el recinto. A los reclamos por los fondos educativos se suma tambi\u00e9n el de los subsidios al transporte que esta semana motivaron una nueva queja de Pullaro.<\/p>\n","protected":false},"excerpt":{"rendered":"<p>La cancelaci\u00f3n del Pacto de Mayo de Javier Milei dio por terminada la tregua con los gobernadores. Incertidumbre por ley Bases y paquete fiscal en el Congreso &nbsp; &nbsp; Javier Milei acot\u00f3 anoche su ya exiguo mapa de aliados pol\u00edticos. En Diputados, la UCR, UP y partidos provinciales se unieron para avanzar en la restituci\u00f3n del Fonid y de partidas para las universidades p\u00fablicas. A la misma hora pero en el Senado, tambi\u00e9n peronistas y radicales, incluso con un sector del PRO, se coordinaban para reclamar la presencia de funcionarios&#8230;<\/p>\n","protected":false},"author":3,"featured_media":114754,"comment_status":"closed","ping_status":"closed","sticky":false,"template":"","format":"standard","meta":[],"categories":[9],"tags":[],"_links":{"self":[{"href":"https:\/\/www.actualidadadiario.com\/index.php\/wp-json\/wp\/v2\/posts\/114882"}],"collection":[{"href":"https:\/\/www.actualidadadiario.com\/index.php\/wp-json\/wp\/v2\/posts"}],"about":[{"href":"https:\/\/www.actualidadadiario.com\/index.php\/wp-json\/wp\/v2\/types\/post"}],"author":[{"embeddable":true,"href":"https:\/\/www.actualidadadiario.com\/index.php\/wp-json\/wp\/v2\/users\/3"}],"replies":[{"embeddable":true,"href":"https:\/\/www.actualidadadiario.com\/index.php\/wp-json\/wp\/v2\/comments?post=114882"}],"version-history":[{"count":1,"href":"https:\/\/www.actualidadadiario.com\/index.php\/wp-json\/wp\/v2\/posts\/114882\/revisions"}],"predecessor-version":[{"id":114883,"href":"https:\/\/www.actualidadadiario.com\/index.php\/wp-json\/wp\/v2\/posts\/114882\/revisions\/114883"}],"wp:featuredmedia":[{"embeddable":true,"href":"https:\/\/www.actualidadadiario.com\/index.php\/wp-json\/wp\/v2\/media\/114754"}],"wp:attachment":[{"href":"https:\/\/www.actualidadadiario.com\/index.php\/wp-json\/wp\/v2\/media?parent=114882"}],"wp:term":[{"taxonomy":"category","embeddable":true,"href":"https:\/\/www.actualidadadiario.com\/index.php\/wp-json\/wp\/v2\/categories?post=114882"},{"taxonomy":"post_tag","embeddable":true,"href":"https:\/\/www.actualidadadiario.com\/index.php\/wp-json\/wp\/v2\/tags?post=114882"}],"curies":[{"name":"wp","href":"https:\/\/api.w.org\/{rel}","templated":true}]}}