{"id":114880,"date":"2024-05-22T12:24:01","date_gmt":"2024-05-22T15:24:01","guid":{"rendered":"https:\/\/www.actualidadadiario.com\/?p=114880"},"modified":"2024-05-22T12:24:11","modified_gmt":"2024-05-22T15:24:11","slug":"como-sera-el-show-musical-de-javier-milei-en-el-luna-park","status":"publish","type":"post","link":"https:\/\/www.actualidadadiario.com\/index.php\/2024\/05\/22\/como-sera-el-show-musical-de-javier-milei-en-el-luna-park\/","title":{"rendered":"C\u00f3mo ser\u00e1 el show musical de Javier Milei en el Luna Park"},"content":{"rendered":"<p style=\"text-align: center;\"><em><strong>Javier Milei presentar\u00e1 esta noche su nuevo libro en el estadio del microcentro porte\u00f1o. Habr\u00e1 invitados especiales. Cu\u00e1l es el pasado musical del Presidente<\/strong><\/em><\/p>\n<p>&nbsp;<\/p>\n<p>&nbsp;<\/p>\n<p>Esta noche habr\u00e1 un show con todas las letras. M\u00fasica, baile, artistas e invitados para la presentaci\u00f3n del libro &#8220;Capitalismo, socialismo y la trampa neocl\u00e1sica\u201d en el estadio Luna Park, la nueva obra del presidente Javier Milei, a pocos d\u00edas de encabezar el acto del 25 de mayo en C\u00f3rdoba.<\/p>\n<p>En medio del conflicto diplom\u00e1tico con el gobierno espa\u00f1ol de Pedro S\u00e1nchez, y el tenso contexto en materia pol\u00edtica y econ\u00f3mica, el mandatario dar\u00e1 un recital ante miles de personas.<\/p>\n<p>Fuentes consultadas contaron que habr\u00e1 dos momentos bien diferenciados en el acto que comenzar\u00e1 a las 20 horas en la tradicional sede de la cuna del deporte, el espect\u00e1culo y la cultura. Las entradas ser\u00e1n gratuitas para todos los que quieren participar del evento, que contar\u00e1 con una capacidad de alrededor de 7 mil asistentes. Las mismas se repartir\u00e1n esta tarde en la Plaza Roma, ubicada a pocos metros del predio.<\/p>\n<p>El Gobierno dise\u00f1\u00f3 un show a la medida de Milei y con las caracter\u00edsticas similares a lo que fue la campa\u00f1a electoral. Habr\u00e1 una banda de m\u00fasica que acompa\u00f1e al presidente, quien anticip\u00f3 que cantar\u00e1 una canci\u00f3n.<\/p>\n<p>Por un lado, habr\u00e1 un escenario donde hablar\u00e1 junto al diputado Jos\u00e9 Luis Espert, que oficiar\u00e1 de entrevistador durante la presentaci\u00f3n del libro. Tambi\u00e9n lo acompa\u00f1ar\u00e1 el vocero presidencial, Manuel Adorni.<\/p>\n<p>&nbsp;<\/p>\n<p><strong>Milei va a cantar en el Luna Park<\/strong><\/p>\n<p>Luego, llegar\u00e1 el momento de espectacularidad. Milei subir\u00e1 a un ring donde desplegar\u00e1 sus dotes art\u00edsticas. Cantar\u00e1 y bailar\u00e1 al ritmo de los temas favoritos del libertario.<\/p>\n<p>As\u00ed como en alguna entrevista mencion\u00f3 su pasado como arquero de f\u00fatbol, el presidente tambi\u00e9n cuenta con experiencia dentro de la m\u00fasica: a mediados de los a\u00f1os 80, integr\u00f3 la banda &#8220;Everest&#8221;, un grupo musical que reversionaba canciones de los Rolling Stones.<\/p>\n<p>En una entrevista previa a su asunci\u00f3n, Milei lo confirm\u00f3 y revel\u00f3: \u201cYo tuve una banda de rock y cantaba m\u00fasica de los Stones. Entonces empez\u00e1s a comprender de qu\u00e9 va la forma en la cual me lookeo, por decirlo de alguna manera\u201d.<\/p>\n<p>En sus inicios como panelista, Milei se mostr\u00f3 como un economista descontracturado, rebelde, enojado y que, adem\u00e1s, se animaba a cantar. Los usuarios de redes como X (ex Twitter) recuerdan todav\u00eda la participaci\u00f3n del ahora presidente en un programa de Canal 13 en el que interpret\u00f3 la canci\u00f3n &#8220;Fuiste m\u00eda un verano&#8221;, de Leonardo Favio.<\/p>\n<p>El Presidente, en su relaci\u00f3n con la far\u00e1ndula, se mostr\u00f3 en el escenario junto con su exnovia y artista, Daniela Mori, cantando covers y canciones como &#8220;Paisaje&#8221;, originalmente creada por Franco Simone.<\/p>\n<p>Ya en su etapa como pol\u00edtico, Milei se caracteriz\u00f3 por entonar en cada uno de sus actos algunas de las estrofas de &#8220;Panic Show&#8221;, una de las m\u00e1s destacadas canciones de La Renga, las cuales modific\u00f3 para expresar las ideas libertarias. La utilizaci\u00f3n de esa canci\u00f3n para la campa\u00f1a electoral le vali\u00f3 una denuncia por parte de los integrantes de la banda, quienes no permit\u00edan la reversi\u00f3n de la letra con fines pol\u00edticos.<\/p>\n<p>Los organizadores no quisieron revelar detalles de la presentaci\u00f3n de este mi\u00e9rcoles 22 de mayo. Se sabe que al menos entonar\u00e1 una canci\u00f3n, pero se desconoce si elegir\u00e1 alguna vestimenta en particular.<\/p>\n<p>&nbsp;<\/p>\n<p><strong>Milei show musical: cu\u00e1nto costar\u00e1 el evento<\/strong><\/p>\n<p>Los costos del evento correr\u00e1n por cuenta de la Editorial Planeta, que transferir\u00e1 las regal\u00edas obtenidas por la venta del libro para pagar los 8 millones de pesos que saldr\u00e1 el evento. &#8220;Al Estado no le cuesta un centavo, como ninguna de mis otras actividades\u201d, afirm\u00f3 el Presidente. El precio de cada libro ronda los 26 mil pesos.<\/p>\n<p>Este acto ser\u00e1 el primero de manera multitudinaria despu\u00e9s la campa\u00f1a presidencial. Milei tuvo presentaciones similares en el cierre que se realiz\u00f3 en el Movistar Arena. Los organizadores del Luna Park son los mismos que dise\u00f1aron los actos electorales. La hermana del presidente y secretaria General de la presidencia, Karina Milei, es la principal creadora del show.<\/p>\n<p>De la jornada participar\u00e1n invitados especiales y funcionarios nacionales. Hay cerca de 300 sillas destinadas a estos espacios.\u00a0 Entre los invitados estar\u00e1n la vicepresidenta, Victoria Villarruel; los ministros del Interior, Guillermo Francos; de Seguridad, Patricia Bullrich, de Defensa, Luis Petri. Tambi\u00e9n el titular de la C\u00e1mara de Diputados, Mart\u00edn Menem; y los diputados Bertie Benegas Lynch, Lilia Lemoine y Romina Diez, y el legislador porte\u00f1o Ramiro Marra.<\/p>\n","protected":false},"excerpt":{"rendered":"<p>Javier Milei presentar\u00e1 esta noche su nuevo libro en el estadio del microcentro porte\u00f1o. Habr\u00e1 invitados especiales. Cu\u00e1l es el pasado musical del Presidente &nbsp; &nbsp; Esta noche habr\u00e1 un show con todas las letras. M\u00fasica, baile, artistas e invitados para la presentaci\u00f3n del libro &#8220;Capitalismo, socialismo y la trampa neocl\u00e1sica\u201d en el estadio Luna Park, la nueva obra del presidente Javier Milei, a pocos d\u00edas de encabezar el acto del 25 de mayo en C\u00f3rdoba. En medio del conflicto diplom\u00e1tico con el gobierno espa\u00f1ol de Pedro S\u00e1nchez, y el&#8230;<\/p>\n","protected":false},"author":3,"featured_media":114831,"comment_status":"closed","ping_status":"closed","sticky":false,"template":"","format":"standard","meta":[],"categories":[9],"tags":[],"_links":{"self":[{"href":"https:\/\/www.actualidadadiario.com\/index.php\/wp-json\/wp\/v2\/posts\/114880"}],"collection":[{"href":"https:\/\/www.actualidadadiario.com\/index.php\/wp-json\/wp\/v2\/posts"}],"about":[{"href":"https:\/\/www.actualidadadiario.com\/index.php\/wp-json\/wp\/v2\/types\/post"}],"author":[{"embeddable":true,"href":"https:\/\/www.actualidadadiario.com\/index.php\/wp-json\/wp\/v2\/users\/3"}],"replies":[{"embeddable":true,"href":"https:\/\/www.actualidadadiario.com\/index.php\/wp-json\/wp\/v2\/comments?post=114880"}],"version-history":[{"count":1,"href":"https:\/\/www.actualidadadiario.com\/index.php\/wp-json\/wp\/v2\/posts\/114880\/revisions"}],"predecessor-version":[{"id":114881,"href":"https:\/\/www.actualidadadiario.com\/index.php\/wp-json\/wp\/v2\/posts\/114880\/revisions\/114881"}],"wp:featuredmedia":[{"embeddable":true,"href":"https:\/\/www.actualidadadiario.com\/index.php\/wp-json\/wp\/v2\/media\/114831"}],"wp:attachment":[{"href":"https:\/\/www.actualidadadiario.com\/index.php\/wp-json\/wp\/v2\/media?parent=114880"}],"wp:term":[{"taxonomy":"category","embeddable":true,"href":"https:\/\/www.actualidadadiario.com\/index.php\/wp-json\/wp\/v2\/categories?post=114880"},{"taxonomy":"post_tag","embeddable":true,"href":"https:\/\/www.actualidadadiario.com\/index.php\/wp-json\/wp\/v2\/tags?post=114880"}],"curies":[{"name":"wp","href":"https:\/\/api.w.org\/{rel}","templated":true}]}}