{"id":114862,"date":"2024-05-22T11:51:46","date_gmt":"2024-05-22T14:51:46","guid":{"rendered":"https:\/\/www.actualidadadiario.com\/?p=114862"},"modified":"2024-05-22T11:51:46","modified_gmt":"2024-05-22T14:51:46","slug":"caida-de-empleo-en-el-primer-trimestre-se-cerraron-275-000-cuentas-sueldo","status":"publish","type":"post","link":"https:\/\/www.actualidadadiario.com\/index.php\/2024\/05\/22\/caida-de-empleo-en-el-primer-trimestre-se-cerraron-275-000-cuentas-sueldo\/","title":{"rendered":"Ca\u00edda de empleo: en el primer trimestre se cerraron 275.000 cuentas sueldo"},"content":{"rendered":"<p style=\"text-align: center;\"><em><strong>El dato oficial se\u00f1ala que en marzo hubo 274.311 cuentas sueldo menos que hayan recibido alg\u00fan ingreso de dinero con respecto a diciembre de 2023<\/strong><\/em><\/p>\n<p>&nbsp;<\/p>\n<p>&nbsp;<\/p>\n<p>En el primer trimestre, se cerraron casi 275.000 cuentas sueldo en el sistema financiero, una cifra que representa entre el 2% y el 3% del total de cuentas bancarias destinadas a la acreditaci\u00f3n de salarios. El dato corresponde al informe de Entidades Financieras publicado por el Banco Central y coincide con el efecto que provoc\u00f3 la devaluaci\u00f3n y la recesi\u00f3n.<\/p>\n<p>El dato oficial se\u00f1ala que en marzo hubo 274.311 cuentas sueldo menos que hayan recibido alg\u00fan ingreso de dinero con respecto a diciembre de 2023. El cierre de cuentas sueldo se replic\u00f3 tanto en bancos estatales como privados.<\/p>\n<p>La estad\u00edstica del Banco Central registra cada mes cu\u00e1ntas cuentas sueldo tuvieron acreditaciones, es decir, recibieron dinero por parte de los empleadores.<\/p>\n<p>Por otra parte, m\u00e1s all\u00e1 de esa particularidad, la cantidad de cuentas sueldo con movimiento ven\u00eda registrando un alza en los \u00faltimos meses del a\u00f1o pasado, situaci\u00f3n que se revirti\u00f3 por completo en el comienzo de 2024.<\/p>\n<p>&nbsp;<\/p>\n<p><strong>Los \u00faltimos datos de empleo<\/strong><\/p>\n<p>El empleo registrado cay\u00f3 en febrero en t\u00e9rminos netos por tercer mes consecutivo, al ceder un 0,3% frente a enero, de acuerdo a la informaci\u00f3n que brinda la Encuesta de Indicadores Laborales (EIL) publicada este jueves por la Secretar\u00eda de Trabajo. Se trata de la mayor baja para ese mes desde el a\u00f1o 2002.<\/p>\n<p>As\u00ed, entre noviembre de 2023 y febrero de 2024, la contracci\u00f3n alcanz\u00f3 el 0,9%. En t\u00e9rminos interanuales, el nivel de empleo asalariado registrado mantiene un incremento de 0,1%, pr\u00e1cticamente estancado.<\/p>\n<p>De acuerdo al informe, en febrero de 2024 todas las ramas de actividad experimentaron contracci\u00f3n, y es el sector de la construcci\u00f3n el que presenta la mayor ca\u00edda mensual del empleo con un 1,3% y acumula un 11,2% interanual. El resto de los sectores presentaron descensos mensuales m\u00e1s moderados y mantienen crecimiento interanual.<\/p>\n<p>La retracci\u00f3n en el nivel de empleo registrado privado se observa tambi\u00e9n en las empresas de todos los tama\u00f1os, con variaciones que van de -0,2% a -0,4%. Las m\u00e1s afectadas son las de entre 50 y 199 personas ocupadas con una ca\u00edda en la cantidad de personal 0,4%, lo que vendr\u00edan a ser las mipymes.<\/p>\n<p>Tanto las desvinculaciones como las incorporaciones de personal mostraron reducci\u00f3n en relaci\u00f3n con el mes de enero de 2024. La tasa de entrada result\u00f3 especialmente afectada: mostr\u00f3 un nivel bajo en relaci\u00f3n con los meses de febrero de los a\u00f1os anteriores, solo compatible con los meses de febrero de los a\u00f1os de pandemia (2020 y 2021).<\/p>\n<p>&#8220;Este comportamiento resulta habitual en contextos de ca\u00edda de la actividad econ\u00f3mica. El nivel de empleo se ajusta principalmente a partir de la reducci\u00f3n de las incorporaciones de personal y no tanto por el aumento de las desvinculaciones, ya sean decididas por las personas o por las empresas&#8221;, resalta el informe.<\/p>\n","protected":false},"excerpt":{"rendered":"<p>El dato oficial se\u00f1ala que en marzo hubo 274.311 cuentas sueldo menos que hayan recibido alg\u00fan ingreso de dinero con respecto a diciembre de 2023 &nbsp; &nbsp; En el primer trimestre, se cerraron casi 275.000 cuentas sueldo en el sistema financiero, una cifra que representa entre el 2% y el 3% del total de cuentas bancarias destinadas a la acreditaci\u00f3n de salarios. El dato corresponde al informe de Entidades Financieras publicado por el Banco Central y coincide con el efecto que provoc\u00f3 la devaluaci\u00f3n y la recesi\u00f3n. El dato oficial&#8230;<\/p>\n","protected":false},"author":3,"featured_media":104030,"comment_status":"closed","ping_status":"closed","sticky":false,"template":"","format":"standard","meta":[],"categories":[9],"tags":[],"_links":{"self":[{"href":"https:\/\/www.actualidadadiario.com\/index.php\/wp-json\/wp\/v2\/posts\/114862"}],"collection":[{"href":"https:\/\/www.actualidadadiario.com\/index.php\/wp-json\/wp\/v2\/posts"}],"about":[{"href":"https:\/\/www.actualidadadiario.com\/index.php\/wp-json\/wp\/v2\/types\/post"}],"author":[{"embeddable":true,"href":"https:\/\/www.actualidadadiario.com\/index.php\/wp-json\/wp\/v2\/users\/3"}],"replies":[{"embeddable":true,"href":"https:\/\/www.actualidadadiario.com\/index.php\/wp-json\/wp\/v2\/comments?post=114862"}],"version-history":[{"count":1,"href":"https:\/\/www.actualidadadiario.com\/index.php\/wp-json\/wp\/v2\/posts\/114862\/revisions"}],"predecessor-version":[{"id":114863,"href":"https:\/\/www.actualidadadiario.com\/index.php\/wp-json\/wp\/v2\/posts\/114862\/revisions\/114863"}],"wp:featuredmedia":[{"embeddable":true,"href":"https:\/\/www.actualidadadiario.com\/index.php\/wp-json\/wp\/v2\/media\/104030"}],"wp:attachment":[{"href":"https:\/\/www.actualidadadiario.com\/index.php\/wp-json\/wp\/v2\/media?parent=114862"}],"wp:term":[{"taxonomy":"category","embeddable":true,"href":"https:\/\/www.actualidadadiario.com\/index.php\/wp-json\/wp\/v2\/categories?post=114862"},{"taxonomy":"post_tag","embeddable":true,"href":"https:\/\/www.actualidadadiario.com\/index.php\/wp-json\/wp\/v2\/tags?post=114862"}],"curies":[{"name":"wp","href":"https:\/\/api.w.org\/{rel}","templated":true}]}}