{"id":114860,"date":"2024-05-22T11:50:57","date_gmt":"2024-05-22T14:50:57","guid":{"rendered":"https:\/\/www.actualidadadiario.com\/?p=114860"},"modified":"2024-05-22T11:50:57","modified_gmt":"2024-05-22T14:50:57","slug":"gremios-docentes-convocaron-a-un-paro-nacional-de-24-horas-para-este-jueves-2","status":"publish","type":"post","link":"https:\/\/www.actualidadadiario.com\/index.php\/2024\/05\/22\/gremios-docentes-convocaron-a-un-paro-nacional-de-24-horas-para-este-jueves-2\/","title":{"rendered":"Gremios docentes convocaron a un paro nacional de 24 horas para este jueves"},"content":{"rendered":"<p style=\"text-align: center;\"><em><strong>La medida de fuerza, convocada por CTERA y los gremios agrupados en la CGT, afecta a todos los niveles del sistema educativo, desde el inicial hasta el universitario. Exigen la urgente convocatoria a la Paritaria Nacional Docente y la restituci\u00f3n del FONID<\/strong><\/em><\/p>\n<p>&nbsp;<\/p>\n<p>&nbsp;<\/p>\n<p>Los gremios docentes realizar\u00e1n este jueves un paro de 24 horas en todos los niveles del sistema educativo -inicial, primaria, secundaria, t\u00e9cnica, institutos de educaci\u00f3n superior y nivel universitario- en reclamo por el atraso salarial y la falta de convocatoria del Gobierno a la paritaria nacional del sector que \u201cest\u00e1 desde el mes de diciembre de 2023 en $250.000\u2033.<\/p>\n<p>La medida de fuerza fue convocada por los 4 gremios docentes de la CGT (UDA, AMET, CEA y SADOP) y por la Confederaci\u00f3n de Trabajadores de la Educaci\u00f3n de la Rep\u00fablica Argentina (CTERA) ante el estancamiento de las negociaciones salariales con la ministra de Capital Humano, Sandra Pettovello, que prometi\u00f3 respuestas el 6 de mes, pero no volvi\u00f3 a llamar a los dirigentes del sector educativo.<\/p>\n<p>Los docentes reclaman la urgente convocatoria a la Paritaria Nacional Docente y la restituci\u00f3n del FONID, que implica una disminuci\u00f3n salarial de entre un 10 y un 20%. Adem\u00e1s, un mayor presupuesto educativo para escuelas y universidades p\u00fablicas y el env\u00edo de fondos para infraestructura, comedores escolares y Programas Educativos.<\/p>\n<p>Tambi\u00e9n rechazan el traspaso de las Cajas Provinciales a la Naci\u00f3n y la modificaci\u00f3n de los Reg\u00edmenes Jubilatorios Docentes Nacionales y Provinciales. Por \u00faltimo, piden el cese de los despidos y reincorporaci\u00f3n de todos los trabajadores despedidos en las \u00e1reas educativas de la Naci\u00f3n.<\/p>\n<p>&#8220;La falta de respuestas han ocasionado p\u00e9rdida del poder adquisitivo de nuestros salarios \u2013 desde diciembre de 2023 hay docentes con salarios de 250 mil pesos-, desfinanciamiento educativo en todas las \u00e1reas, ocasionando y profundizando los conflictos provinciales, ante la ausencia del Estado como garante del piso salarial docente y los recursos necesarios para el funcionamiento del sistema educativo&#8221;, advirtieron desde CTERA.<\/p>\n<p>El secretario de Pol\u00edticas Educativas de la CGT, Sergio Romero, quien lidera la Uni\u00f3n Docentes Argentinos (UDA), convoc\u00f3 a una conferencia de prensa para este martes, a las 15.30, en la sede cegetista de Azopardo 802 para brindar precisiones sobre el paro dispuesto para el jueves.<\/p>\n","protected":false},"excerpt":{"rendered":"<p>La medida de fuerza, convocada por CTERA y los gremios agrupados en la CGT, afecta a todos los niveles del sistema educativo, desde el inicial hasta el universitario. Exigen la urgente convocatoria a la Paritaria Nacional Docente y la restituci\u00f3n del FONID &nbsp; &nbsp; Los gremios docentes realizar\u00e1n este jueves un paro de 24 horas en todos los niveles del sistema educativo -inicial, primaria, secundaria, t\u00e9cnica, institutos de educaci\u00f3n superior y nivel universitario- en reclamo por el atraso salarial y la falta de convocatoria del Gobierno a la paritaria nacional&#8230;<\/p>\n","protected":false},"author":3,"featured_media":41313,"comment_status":"closed","ping_status":"closed","sticky":false,"template":"","format":"standard","meta":[],"categories":[9],"tags":[],"_links":{"self":[{"href":"https:\/\/www.actualidadadiario.com\/index.php\/wp-json\/wp\/v2\/posts\/114860"}],"collection":[{"href":"https:\/\/www.actualidadadiario.com\/index.php\/wp-json\/wp\/v2\/posts"}],"about":[{"href":"https:\/\/www.actualidadadiario.com\/index.php\/wp-json\/wp\/v2\/types\/post"}],"author":[{"embeddable":true,"href":"https:\/\/www.actualidadadiario.com\/index.php\/wp-json\/wp\/v2\/users\/3"}],"replies":[{"embeddable":true,"href":"https:\/\/www.actualidadadiario.com\/index.php\/wp-json\/wp\/v2\/comments?post=114860"}],"version-history":[{"count":1,"href":"https:\/\/www.actualidadadiario.com\/index.php\/wp-json\/wp\/v2\/posts\/114860\/revisions"}],"predecessor-version":[{"id":114861,"href":"https:\/\/www.actualidadadiario.com\/index.php\/wp-json\/wp\/v2\/posts\/114860\/revisions\/114861"}],"wp:featuredmedia":[{"embeddable":true,"href":"https:\/\/www.actualidadadiario.com\/index.php\/wp-json\/wp\/v2\/media\/41313"}],"wp:attachment":[{"href":"https:\/\/www.actualidadadiario.com\/index.php\/wp-json\/wp\/v2\/media?parent=114860"}],"wp:term":[{"taxonomy":"category","embeddable":true,"href":"https:\/\/www.actualidadadiario.com\/index.php\/wp-json\/wp\/v2\/categories?post=114860"},{"taxonomy":"post_tag","embeddable":true,"href":"https:\/\/www.actualidadadiario.com\/index.php\/wp-json\/wp\/v2\/tags?post=114860"}],"curies":[{"name":"wp","href":"https:\/\/api.w.org\/{rel}","templated":true}]}}