{"id":114856,"date":"2024-05-22T10:55:37","date_gmt":"2024-05-22T13:55:37","guid":{"rendered":"https:\/\/www.actualidadadiario.com\/?p=114856"},"modified":"2024-05-22T10:55:37","modified_gmt":"2024-05-22T13:55:37","slug":"en-la-provincia-se-incremento-la-venta-de-medicamentos-genericos-por-encima-de-los-recetados-debido-a-los-precios","status":"publish","type":"post","link":"https:\/\/www.actualidadadiario.com\/index.php\/2024\/05\/22\/en-la-provincia-se-incremento-la-venta-de-medicamentos-genericos-por-encima-de-los-recetados-debido-a-los-precios\/","title":{"rendered":"En la provincia, se increment\u00f3 la venta de medicamentos gen\u00e9ricos por encima de los recetados debido a los precios"},"content":{"rendered":"<p style=\"text-align: center;\"><em><strong>Desde el Colegio de Farmac\u00e9uticos de Entre R\u00edos se\u00f1alaron que \u201cno hubo una merma significativa en el consumo del medicamento, pero hay un poco de reemplazo cuando se puede vincular a un gen\u00e9rico que sea m\u00e1s barato\u201d. Por otra parte se recalc\u00f3 que, tras un 2023 con una inflaci\u00f3n del 273% en el rubro, este a\u00f1o los laboratorios y el Gobierno acordaron estar por debajo de la inflaci\u00f3n general<\/strong><\/em><\/p>\n<p>&nbsp;<\/p>\n<p>&nbsp;<\/p>\n<p>&nbsp;<\/p>\n<p>Tras un informe del Sindicato Argentino de Farmac\u00e9uticos y Bioqu\u00edmicos en el que se inform\u00f3 que la venta de medicamentos de venta libre registr\u00f3 una ca\u00edda del 35% en el lapso de diciembre a abril y que los recetados tambi\u00e9n registraron una baja del 20% en el mismo per\u00edodo, desde el Colegio de Farmac\u00e9uticos de Entre R\u00edos indicaron que en la provincia \u201cno hubo una merma significativa en el consumo del medicamento pero hay un poco de reemplazo cuando se puede vincular a un gen\u00e9rico que sea m\u00e1s barato\u201d.<\/p>\n<p>Sin embargo, se afirm\u00f3 que debido a la situaci\u00f3n econ\u00f3mica actual del pa\u00eds, \u201cse ha puesto un poco m\u00e1s dif\u00edcil para todos\u201d tanto en la recaudaci\u00f3n como tambi\u00e9n en las obras sociales y prepagas que\u201d est\u00e1n haciendo lo que pueden, donde se retrasan un poco\u201d, expres\u00f3 el tesorero del Colegio, Emilio Irigoiti.<\/p>\n<p>Es que el a\u00f1o pasado la inflaci\u00f3n acumulada fue del 223% y en medicamentos de 273% por lo que este a\u00f1o \u201chay un pacto entre los laboratorios y el Gobierno de estar por debajo de la inflaci\u00f3n, por lo que se ha mantenido\u201d, concluy\u00f3 Irigoiti.<\/p>\n","protected":false},"excerpt":{"rendered":"<p>Desde el Colegio de Farmac\u00e9uticos de Entre R\u00edos se\u00f1alaron que \u201cno hubo una merma significativa en el consumo del medicamento, pero hay un poco de reemplazo cuando se puede vincular a un gen\u00e9rico que sea m\u00e1s barato\u201d. Por otra parte se recalc\u00f3 que, tras un 2023 con una inflaci\u00f3n del 273% en el rubro, este a\u00f1o los laboratorios y el Gobierno acordaron estar por debajo de la inflaci\u00f3n general &nbsp; &nbsp; &nbsp; Tras un informe del Sindicato Argentino de Farmac\u00e9uticos y Bioqu\u00edmicos en el que se inform\u00f3 que la venta&#8230;<\/p>\n","protected":false},"author":3,"featured_media":79396,"comment_status":"closed","ping_status":"closed","sticky":false,"template":"","format":"standard","meta":[],"categories":[15],"tags":[],"_links":{"self":[{"href":"https:\/\/www.actualidadadiario.com\/index.php\/wp-json\/wp\/v2\/posts\/114856"}],"collection":[{"href":"https:\/\/www.actualidadadiario.com\/index.php\/wp-json\/wp\/v2\/posts"}],"about":[{"href":"https:\/\/www.actualidadadiario.com\/index.php\/wp-json\/wp\/v2\/types\/post"}],"author":[{"embeddable":true,"href":"https:\/\/www.actualidadadiario.com\/index.php\/wp-json\/wp\/v2\/users\/3"}],"replies":[{"embeddable":true,"href":"https:\/\/www.actualidadadiario.com\/index.php\/wp-json\/wp\/v2\/comments?post=114856"}],"version-history":[{"count":1,"href":"https:\/\/www.actualidadadiario.com\/index.php\/wp-json\/wp\/v2\/posts\/114856\/revisions"}],"predecessor-version":[{"id":114857,"href":"https:\/\/www.actualidadadiario.com\/index.php\/wp-json\/wp\/v2\/posts\/114856\/revisions\/114857"}],"wp:featuredmedia":[{"embeddable":true,"href":"https:\/\/www.actualidadadiario.com\/index.php\/wp-json\/wp\/v2\/media\/79396"}],"wp:attachment":[{"href":"https:\/\/www.actualidadadiario.com\/index.php\/wp-json\/wp\/v2\/media?parent=114856"}],"wp:term":[{"taxonomy":"category","embeddable":true,"href":"https:\/\/www.actualidadadiario.com\/index.php\/wp-json\/wp\/v2\/categories?post=114856"},{"taxonomy":"post_tag","embeddable":true,"href":"https:\/\/www.actualidadadiario.com\/index.php\/wp-json\/wp\/v2\/tags?post=114856"}],"curies":[{"name":"wp","href":"https:\/\/api.w.org\/{rel}","templated":true}]}}