{"id":114853,"date":"2024-05-22T10:55:02","date_gmt":"2024-05-22T13:55:02","guid":{"rendered":"https:\/\/www.actualidadadiario.com\/?p=114853"},"modified":"2024-05-22T11:07:54","modified_gmt":"2024-05-22T14:07:54","slug":"intendentes-marchan-al-congreso-en-reclamo-de-subsidios-al-transporte-van-romero-y-azcue","status":"publish","type":"post","link":"https:\/\/www.actualidadadiario.com\/index.php\/2024\/05\/22\/intendentes-marchan-al-congreso-en-reclamo-de-subsidios-al-transporte-van-romero-y-azcue\/","title":{"rendered":"Intendentes marchan al Congreso en reclamo de subsidios al transporte: van Romero y Azcu\u00e9"},"content":{"rendered":"<p style=\"text-align: center;\"><strong><em>Un grupo de intendentes de diversas provincias, entre los que se encuentran Rosario Romero (Paran\u00e1) y Francisco Azcu\u00e9 (Concordia), se movilizar\u00e1n al Congreso de la Naci\u00f3n el 4 de junio para exigir una distribuci\u00f3n m\u00e1s equitativa de los subsidios para el transporte p\u00fablico. La iniciativa surge tras una resoluci\u00f3n que incrementa los subsidios al AMBA y elimina el fondo compensador del interior<\/em><\/strong><\/p>\n<p>&nbsp;<\/p>\n<p>&nbsp;<\/p>\n<p>\u201cCon motivo de la reciente Resoluci\u00f3n N\u00b0 4\/2024, dictada por la Secretar\u00eda de Transporte de la Naci\u00f3n, por la cual se dispuso un aumento de los subsidios destinados para el transporte urbano de pasajeros del \u00c1rea Metropolitana de Buenos Aires, m\u00e1s precisamente, desembolsando $148.745.709.159,00 para el mes de mayo y $160.777.188.169,00para junio del 2024; y, a su vez, atendiendo a la eliminaci\u00f3n del fondo compensador del interior realizada en el mes de enero del corriente, es de imperiosa necesidad reclamar de manera urgente un aporte directo al sistema de transporte de pasajeros por colectivos a favor de las provincias y, as\u00ed, atender a un problema que ata\u00f1e al pa\u00eds entero mediante una distribuci\u00f3n -m\u00e1s- federal de los recursos nacionales\u201d.<\/p>\n<p>En un comunicado, los intendentes afirmaron que \u201ces evidente que la eliminaci\u00f3n de los subsidios nacionales en el interior del pa\u00eds ha exacerbado las condiciones preexistentes, afectando gravemente a todas sus localidades\u201d.<\/p>\n<p>Y fueron m\u00e1s all\u00e1 al aseverar que \u201cesta medida ha generado una notable incertidumbre y preocupaci\u00f3n, tanto en el \u00e1mbito empresarial como en los gobiernos municipales y provinciales\u201d.<\/p>\n<p>\u201cLa ausencia de estos subsidios ha impulsado la necesidad urgente de implementar soluciones que permitan el sostenimiento del transporte p\u00fablico, mediante aportes extraordinarios municipales y provinciales, adem\u00e1s de los aumentos de la tarifa, la cual, en el interior triplica los valores del AMBA\u201d, enfatizaron luego.<\/p>\n<p>\u201cSumado a esta cuesti\u00f3n, est\u00e1 el hecho del aumento de la comisi\u00f3n que la Naci\u00f3n detrae a las jurisdicciones, en concepto de utilizaci\u00f3n del servicio SUBE, un incremento del 4% al 7%, sin haber registrado las devoluciones previstas\u201d, agregaron luego.<\/p>\n<p>\u201cEn resumen, el sesgado compromiso del Estado Nacional al retirar los subsidios ha creado una crisis que requiere la adopci\u00f3n de medidas inmediatas y concretas para restaurar la funcionalidad y sostenibilidad del transporte p\u00fablico en el interior del pa\u00eds. Esto, sumado a la falta de comunicaci\u00f3n clara y efectiva, y a las medidas antes mencionadas de subsidiar s\u00f3lo una parte del territorio nacional -AMB A-, solo ha intensificado estas dificultades.<\/p>\n<p>\u201cPor ello, los que suscribimos la presente, comunicamos que el martes 4 de junio iremos al Congreso de la Naci\u00f3n para plantear el tema ante los legisladores nacionales\u201d, finaliza el comunicado que est\u00e1 firmado por los siguientes intendentes:<\/p>\n<ul>\n<li>Rosario Romero, Intendenta de Paran\u00e1<\/li>\n<li>Ulpiano Suarez, Intendente de Mendoza<\/li>\n<li>Pablo Javkin, Intendente de Rosario<\/li>\n<li>Daniel Passerini, Intendente de C\u00f3rdoba<\/li>\n<li>Marcos Castro, Intendente de Viedma<\/li>\n<li>Mariano Gaido, Intendente de Neuqu\u00e9n<\/li>\n<li>Gustavo Saadi, Intendente de Catamarca<\/li>\n<li>Ra\u00fal Jorge, Intendente de Jujuy<\/li>\n<li>Juan Pablo Poletti, Intendente de Santa Fe<\/li>\n<li>Rodrigo Buteler, Intendente de Cipolletti<\/li>\n<li>Leonardo Stelatto, Intendente de Posadas<\/li>\n<li>Mart\u00edn P\u00e9rez, Intendente de R\u00edo Grande<\/li>\n<li>Damian Biss, Intendente de Rawson<\/li>\n<li>Luciano di Napoli, Intendente Santa Rosa La Pampa<\/li>\n<li>Othar Macaharashvili, Intendente de Comodoro Rivadavia<\/li>\n<li>Jorge Jofre, Intendente de Formosa<\/li>\n<li>Eduardo Tassano, Intendente de Corrientes<\/li>\n<li>Armando Molina, Intendente de La Rioja<\/li>\n<li>Roy Nikisch, Intendente de Resistencia<\/li>\n<li>Norma Fuentes, Intendenta Santiago del<\/li>\n<\/ul>\n<p>Estero<\/p>\n<ul>\n<li>Pablo Grasso, Intendente de R\u00edo Gallegos<\/li>\n<li>Guillermo Montenegro, Intendente de Mar del Plata<\/li>\n<li>Francisco Azcu\u00e9, intendente de Concordia.<\/li>\n<\/ul>\n","protected":false},"excerpt":{"rendered":"<p>Un grupo de intendentes de diversas provincias, entre los que se encuentran Rosario Romero (Paran\u00e1) y Francisco Azcu\u00e9 (Concordia), se movilizar\u00e1n al Congreso de la Naci\u00f3n el 4 de junio para exigir una distribuci\u00f3n m\u00e1s equitativa de los subsidios para el transporte p\u00fablico. La iniciativa surge tras una resoluci\u00f3n que incrementa los subsidios al AMBA y elimina el fondo compensador del interior &nbsp; &nbsp; \u201cCon motivo de la reciente Resoluci\u00f3n N\u00b0 4\/2024, dictada por la Secretar\u00eda de Transporte de la Naci\u00f3n, por la cual se dispuso un aumento de los&#8230;<\/p>\n","protected":false},"author":3,"featured_media":114859,"comment_status":"closed","ping_status":"closed","sticky":false,"template":"","format":"standard","meta":[],"categories":[15],"tags":[],"_links":{"self":[{"href":"https:\/\/www.actualidadadiario.com\/index.php\/wp-json\/wp\/v2\/posts\/114853"}],"collection":[{"href":"https:\/\/www.actualidadadiario.com\/index.php\/wp-json\/wp\/v2\/posts"}],"about":[{"href":"https:\/\/www.actualidadadiario.com\/index.php\/wp-json\/wp\/v2\/types\/post"}],"author":[{"embeddable":true,"href":"https:\/\/www.actualidadadiario.com\/index.php\/wp-json\/wp\/v2\/users\/3"}],"replies":[{"embeddable":true,"href":"https:\/\/www.actualidadadiario.com\/index.php\/wp-json\/wp\/v2\/comments?post=114853"}],"version-history":[{"count":1,"href":"https:\/\/www.actualidadadiario.com\/index.php\/wp-json\/wp\/v2\/posts\/114853\/revisions"}],"predecessor-version":[{"id":114855,"href":"https:\/\/www.actualidadadiario.com\/index.php\/wp-json\/wp\/v2\/posts\/114853\/revisions\/114855"}],"wp:featuredmedia":[{"embeddable":true,"href":"https:\/\/www.actualidadadiario.com\/index.php\/wp-json\/wp\/v2\/media\/114859"}],"wp:attachment":[{"href":"https:\/\/www.actualidadadiario.com\/index.php\/wp-json\/wp\/v2\/media?parent=114853"}],"wp:term":[{"taxonomy":"category","embeddable":true,"href":"https:\/\/www.actualidadadiario.com\/index.php\/wp-json\/wp\/v2\/categories?post=114853"},{"taxonomy":"post_tag","embeddable":true,"href":"https:\/\/www.actualidadadiario.com\/index.php\/wp-json\/wp\/v2\/tags?post=114853"}],"curies":[{"name":"wp","href":"https:\/\/api.w.org\/{rel}","templated":true}]}}