{"id":114848,"date":"2024-05-22T10:53:15","date_gmt":"2024-05-22T13:53:15","guid":{"rendered":"https:\/\/www.actualidadadiario.com\/?p=114848"},"modified":"2024-05-22T10:53:15","modified_gmt":"2024-05-22T13:53:15","slug":"la-clinica-de-la-union-de-chajari-podria-cerrar-frente-a-la-grave-situacion-financiera","status":"publish","type":"post","link":"https:\/\/www.actualidadadiario.com\/index.php\/2024\/05\/22\/la-clinica-de-la-union-de-chajari-podria-cerrar-frente-a-la-grave-situacion-financiera\/","title":{"rendered":"La Cl\u00ednica de la Uni\u00f3n de Chajar\u00ed podr\u00eda cerrar frente a la \u201cgrave situaci\u00f3n financiera\u201d"},"content":{"rendered":"<p style=\"text-align: center;\"><em><strong>Lo que se ven\u00eda escuchando en voz baja finalmente sali\u00f3 a la luz con un comunicado emitido este martes por la Cl\u00ednica de la Uni\u00f3n de la ciudad de Chajar\u00ed. El efector privado no es ajeno a un eventual cierre frente a la situaci\u00f3n que, seg\u00fan esgrimen en un comunicado fechado este 21 de mayo, afecta a las cl\u00ednicas y sanatorios no s\u00f3lo de la provincia sino tambi\u00e9n del resto del pa\u00eds<\/strong><\/em><\/p>\n<p>&nbsp;<\/p>\n<p>&nbsp;<\/p>\n<p>&nbsp;<\/p>\n<p>Se\u00f1alaron que desde hace varios meses atraviesan \u201c(\u2026) una grave situaci\u00f3n financiera debido a la falta de ajuste en los valores prestacionales pagados por las obras sociales y prepagas\u201d. En el comunicado que lleva la firma del presidente del directorio doctor Fernando Guerrico, se alude a todas las obras sociales pero se menciona puntualmente a PAMI y al IOSPER y la necesidad de ajustar esos valores \u201cen relaci\u00f3n a la inflaci\u00f3n, aumento de costos salariales, medicamentos e insumos, como as\u00ed tambi\u00e9n de los servicios, todos ellos indispensables para el funcionamiento de la instituci\u00f3n y tratamiento confort de los pacientes\u201d.<\/p>\n<p>\u201cSin un reajuste inmediato en los valores prestacionales en un porcentaje acorde a los gastos mencionados, cerrar\u00e1n inevitablemente muchos prestadores de salud ante la imposibilidad de afrontar los mismos. Cl\u00ednica de la Uni\u00f3n no es ajena a esta realidad (\u2026)\u201d, agrega el mensaje que hizo p\u00fablico la instituci\u00f3n.<\/p>\n<p>Desde la misma, se insta a las autoridades nacionales y a trav\u00e9s de las obras sociales \u201ca tomar conciencia de esta situaci\u00f3n y a tomar medidas decisiones urgentes que permitan garantizar un sistema de prevenci\u00f3n de salud con calidad y seguridad, que ser\u00eda imposible con el cierre definitivo e inexorable de los distintos nosocomios de continuar en las situaciones actuales\u201d, concluy\u00f3 el comunicado que sell\u00f3 con su firma Guerrico.<\/p>\n","protected":false},"excerpt":{"rendered":"<p>Lo que se ven\u00eda escuchando en voz baja finalmente sali\u00f3 a la luz con un comunicado emitido este martes por la Cl\u00ednica de la Uni\u00f3n de la ciudad de Chajar\u00ed. El efector privado no es ajeno a un eventual cierre frente a la situaci\u00f3n que, seg\u00fan esgrimen en un comunicado fechado este 21 de mayo, afecta a las cl\u00ednicas y sanatorios no s\u00f3lo de la provincia sino tambi\u00e9n del resto del pa\u00eds &nbsp; &nbsp; &nbsp; Se\u00f1alaron que desde hace varios meses atraviesan \u201c(\u2026) una grave situaci\u00f3n financiera debido a la&#8230;<\/p>\n","protected":false},"author":3,"featured_media":114849,"comment_status":"closed","ping_status":"closed","sticky":false,"template":"","format":"standard","meta":[],"categories":[15],"tags":[],"_links":{"self":[{"href":"https:\/\/www.actualidadadiario.com\/index.php\/wp-json\/wp\/v2\/posts\/114848"}],"collection":[{"href":"https:\/\/www.actualidadadiario.com\/index.php\/wp-json\/wp\/v2\/posts"}],"about":[{"href":"https:\/\/www.actualidadadiario.com\/index.php\/wp-json\/wp\/v2\/types\/post"}],"author":[{"embeddable":true,"href":"https:\/\/www.actualidadadiario.com\/index.php\/wp-json\/wp\/v2\/users\/3"}],"replies":[{"embeddable":true,"href":"https:\/\/www.actualidadadiario.com\/index.php\/wp-json\/wp\/v2\/comments?post=114848"}],"version-history":[{"count":1,"href":"https:\/\/www.actualidadadiario.com\/index.php\/wp-json\/wp\/v2\/posts\/114848\/revisions"}],"predecessor-version":[{"id":114850,"href":"https:\/\/www.actualidadadiario.com\/index.php\/wp-json\/wp\/v2\/posts\/114848\/revisions\/114850"}],"wp:featuredmedia":[{"embeddable":true,"href":"https:\/\/www.actualidadadiario.com\/index.php\/wp-json\/wp\/v2\/media\/114849"}],"wp:attachment":[{"href":"https:\/\/www.actualidadadiario.com\/index.php\/wp-json\/wp\/v2\/media?parent=114848"}],"wp:term":[{"taxonomy":"category","embeddable":true,"href":"https:\/\/www.actualidadadiario.com\/index.php\/wp-json\/wp\/v2\/categories?post=114848"},{"taxonomy":"post_tag","embeddable":true,"href":"https:\/\/www.actualidadadiario.com\/index.php\/wp-json\/wp\/v2\/tags?post=114848"}],"curies":[{"name":"wp","href":"https:\/\/api.w.org\/{rel}","templated":true}]}}