{"id":114845,"date":"2024-05-22T10:52:14","date_gmt":"2024-05-22T13:52:14","guid":{"rendered":"https:\/\/www.actualidadadiario.com\/?p=114845"},"modified":"2024-05-22T10:52:14","modified_gmt":"2024-05-22T13:52:14","slug":"frigerio-el-orden-fiscal-es-condicion-necesaria-pero-no-suficiente-para-el-desarrollo","status":"publish","type":"post","link":"https:\/\/www.actualidadadiario.com\/index.php\/2024\/05\/22\/frigerio-el-orden-fiscal-es-condicion-necesaria-pero-no-suficiente-para-el-desarrollo\/","title":{"rendered":"Frigerio: &#8220;El orden fiscal es condici\u00f3n necesaria pero no suficiente para el desarrollo&#8221;"},"content":{"rendered":"<p style=\"text-align: center;\"><em><strong>El gobernador Rogelio Frigerio se present\u00f3 este martes en el 41\u00ba Congreso Anual del Instituto Argentino de Ejecutivos de Finanzas organizado por el Instituto Argentino de Ejecutivos de Finanzas (IAEF). All\u00ed, dijo que &#8220;lo que necesitamos en la Argentina es que los gobiernos se vayan superando uno a otro, no como ha sucedido en las \u00faltimas d\u00e9cadas que en general es al rev\u00e9s&#8221;<\/strong><\/em><\/p>\n<p>&nbsp;<\/p>\n<p>&nbsp;<\/p>\n<p>Puntualiz\u00f3 que Argentina debe avanzar en el equilibrio fiscal, en una modernizaci\u00f3n de los v\u00ednculos laborales, en un cambio en el federalismo fiscal. Aunque aclar\u00f3 que &#8220;eso no tiene que ver con la ideolog\u00eda, tiene que ver con enunciados vinculados estrictamente con el sentido com\u00fan y el mundo necesita ver una Argentina con sentido com\u00fan y creo que eso va a impactar positivamente en muchos aspectos&#8221;.<\/p>\n<p>Asegur\u00f3 que claramente antes &#8220;tenemos que sacar la Ley Bases y el paquete fiscal que son pasos que el presidente ha marcado como previos a la firma del pacto. Y estamos cerca, despu\u00e9s de cinco meses creo que finalmente estamos cerca de lograrlo&#8221;.<\/p>\n<p>El encuentro donde se presentaron expositores del sector p\u00fablico y privado de la pol\u00edtica y econom\u00eda nacional, se desarrolla bajo el lema: Argentina: Una Oportunidad Diferente. Acuerdos imprescindibles para un Futuro Sostenible, y el presidente Javier Milei cerr\u00f3 la jornada.<\/p>\n<p>Por otro lado, consultado sobre el escenario electoral del 2025, el gobernador dijo que le cuesta hablar de elecciones. &#8220;Venimos hace poco de una elecci\u00f3n que puso a los dirigentes en el lugar que la gente pretend\u00eda ponerlos&#8221;, explic\u00f3 y se\u00f1al\u00f3 que &#8220;hay un presidente de un espacio pol\u00edtico, hay gobernadores que eligi\u00f3 la gente tambi\u00e9n para cambiar. Yo represento el cambio en Entre R\u00edos, est\u00e1 claro que Milei representa el cambio a nivel nacional. Hay una oposici\u00f3n constructiva que dialoga, que quiere que al presidente de la Argentina le vaya bien, y otra oposici\u00f3n que piensa que cuando peor est\u00e9 el pa\u00eds mejor van a estar ellos&#8221;.<\/p>\n<p>Subray\u00f3 que &#8220;en esos lugares nos ubic\u00f3 la gente y me parece que es muy prematuro volver a hablar de arquitecturas electorales, volver a poner la energ\u00eda y la cabeza en eso&#8221;. Y puntualiz\u00f3: &#8220;Tengo que gestionar una provincia con enormes dificultades en la peor crisis econ\u00f3mica y social que se recuerde -por lo menos en estos 40 a\u00f1os de democracia&#8221;.<\/p>\n<p>El mandatario asegur\u00f3 que no cree que sea este el momento para discutir esas cosas. &#8220;Me parece que con un pa\u00eds con estas dificultades, con un gobierno nacional haciendo un esfuerzo para cambiar esta situaci\u00f3n y con 50 por ciento de argentinos en la pobreza hoy, a pocos meses de una elecci\u00f3n, volver a hablar de la arquitectura electoral para el 2025 me parece muy a destiempo, prematuro, desubicado&#8221;, sostuvo.<\/p>\n<p>Por \u00faltimo, en relaci\u00f3n al Pacto de los 10 puntos que propuso Milei, puntualiz\u00f3 que &#8220;Argentina tiene que avanzar&#8221;.<\/p>\n<p>El IAEF, es una organizaci\u00f3n l\u00edder en la congregaci\u00f3n y desarrollo de ejecutivos de finanzas en Argentina, que promueve relaciones profesionales y sociales con un enfoque \u00e9tico y compromiso social, convirtiendo este congreso en un evento imperdible para el sector financiero del pa\u00eds.<\/p>\n","protected":false},"excerpt":{"rendered":"<p>El gobernador Rogelio Frigerio se present\u00f3 este martes en el 41\u00ba Congreso Anual del Instituto Argentino de Ejecutivos de Finanzas organizado por el Instituto Argentino de Ejecutivos de Finanzas (IAEF). All\u00ed, dijo que &#8220;lo que necesitamos en la Argentina es que los gobiernos se vayan superando uno a otro, no como ha sucedido en las \u00faltimas d\u00e9cadas que en general es al rev\u00e9s&#8221; &nbsp; &nbsp; Puntualiz\u00f3 que Argentina debe avanzar en el equilibrio fiscal, en una modernizaci\u00f3n de los v\u00ednculos laborales, en un cambio en el federalismo fiscal. Aunque aclar\u00f3&#8230;<\/p>\n","protected":false},"author":3,"featured_media":114846,"comment_status":"closed","ping_status":"closed","sticky":false,"template":"","format":"standard","meta":[],"categories":[15],"tags":[],"_links":{"self":[{"href":"https:\/\/www.actualidadadiario.com\/index.php\/wp-json\/wp\/v2\/posts\/114845"}],"collection":[{"href":"https:\/\/www.actualidadadiario.com\/index.php\/wp-json\/wp\/v2\/posts"}],"about":[{"href":"https:\/\/www.actualidadadiario.com\/index.php\/wp-json\/wp\/v2\/types\/post"}],"author":[{"embeddable":true,"href":"https:\/\/www.actualidadadiario.com\/index.php\/wp-json\/wp\/v2\/users\/3"}],"replies":[{"embeddable":true,"href":"https:\/\/www.actualidadadiario.com\/index.php\/wp-json\/wp\/v2\/comments?post=114845"}],"version-history":[{"count":1,"href":"https:\/\/www.actualidadadiario.com\/index.php\/wp-json\/wp\/v2\/posts\/114845\/revisions"}],"predecessor-version":[{"id":114847,"href":"https:\/\/www.actualidadadiario.com\/index.php\/wp-json\/wp\/v2\/posts\/114845\/revisions\/114847"}],"wp:featuredmedia":[{"embeddable":true,"href":"https:\/\/www.actualidadadiario.com\/index.php\/wp-json\/wp\/v2\/media\/114846"}],"wp:attachment":[{"href":"https:\/\/www.actualidadadiario.com\/index.php\/wp-json\/wp\/v2\/media?parent=114845"}],"wp:term":[{"taxonomy":"category","embeddable":true,"href":"https:\/\/www.actualidadadiario.com\/index.php\/wp-json\/wp\/v2\/categories?post=114845"},{"taxonomy":"post_tag","embeddable":true,"href":"https:\/\/www.actualidadadiario.com\/index.php\/wp-json\/wp\/v2\/tags?post=114845"}],"curies":[{"name":"wp","href":"https:\/\/api.w.org\/{rel}","templated":true}]}}