{"id":114840,"date":"2024-05-22T10:49:55","date_gmt":"2024-05-22T13:49:55","guid":{"rendered":"https:\/\/www.actualidadadiario.com\/?p=114840"},"modified":"2024-05-22T10:49:55","modified_gmt":"2024-05-22T13:49:55","slug":"denuncian-que-a-pesar-de-la-ley-de-emergencia-alimentaria-la-comida-no-llega-a-los-comedores-entrerrianos","status":"publish","type":"post","link":"https:\/\/www.actualidadadiario.com\/index.php\/2024\/05\/22\/denuncian-que-a-pesar-de-la-ley-de-emergencia-alimentaria-la-comida-no-llega-a-los-comedores-entrerrianos\/","title":{"rendered":"Denuncian que a pesar de la Ley de Emergencia Alimentaria, la comida no llega a los comedores entrerrianos"},"content":{"rendered":"<p style=\"text-align: center;\"><em><strong>\u201cDesde los distintos sectores que conformamos la Mesa contra el Hambre, vemos con alarmante preocupaci\u00f3n que a casi un mes de sancionada la Ley de Emergencia Alimentaria en Entre R\u00edos -impulsada por \u00e9ste espacio- los alimentos, a\u00fan no han llegado a la mesa de miles de familias entrerrianas\u201d, se\u00f1alaron. Piden una audiencia a Frigerio<\/strong><\/em><\/p>\n<p>&nbsp;<\/p>\n<p>&nbsp;<\/p>\n<p>\u201cLa Ley est\u00e1, los alimentos no\u201d, aseveraron en un comunicado enviado a esta Agencia desde la Mesa contra el Hambre en el que afirman: \u201cEn una provincia que recientemente reafirm\u00f3 su compromiso con la Agenda 2030 de la Organizaci\u00f3n de las Naciones Unidas (ONU) y los Objetivos de Desarrollo Sostenible (ODS), que buscan erradicar la pobreza, combatir las desigualdades y promover la prosperidad; y tienen como objetivo central lograr Hambre Cero.\u00a0 Hay gurises con hambre y trabajadores y trabajadoras sin recur5sos\u201d.<\/p>\n<p>\u201cHemos transitado desde febrero hasta la fecha instancias de di\u00e1logo y lucha, visibilizando y profundizando la discusi\u00f3n de la dura realidad que viven d\u00eda a d\u00eda las familias en nuestros barrios\u201d, acotaron.<\/p>\n<p>Al hacer un repaso de los contactos que mantuvieron con autoridades provinciales, expresaron: \u201cEl d\u00eda 22 de febrero nos recibieron senadores del bloque \u2018M\u00e1s para Entre R\u00edos\u2019 (PJ), mientras que el d\u00eda 27 fuimos parte de un encuentro con diputadas y diputados del bloque opositor. El d\u00eda 28 de mes mencionado nos reunimos con el equipo del Ministerio de Desarrollo Humano de la Provincia, donde particip\u00f3 la ministra Ver\u00f3nica Berisso, el arzobispo de Paran\u00e1, la Pastoral Social y\u00a0 la Junta de Laicos\u201d.<\/p>\n<p>Luego destacaron que \u201cgrandes jornadas de lucha de por medio, promovieron la media sanci\u00f3n en la C\u00e1mara de Senadores de Entre R\u00edos el d\u00eda 17 de abril de la Ley de Emergencia Alimentaria, y su posterior aprobaci\u00f3n por unanimidad en la C\u00e1mara de Diputados el d\u00eda 25 de abril\u201d.<\/p>\n<p>\u201cDurante la \u00faltima acci\u00f3n de visibilizaci\u00f3n -el martes 7 de mayo- el Dr. Ricardo Vales, Secretario de Articulaciones de Pol\u00edticas Sociales del Gobierno de Entre R\u00edos, se comprometi\u00f3 con las distintas organizaciones a resolver la situaci\u00f3n que atraviesan miles de familias, ahora como fecha \u00faltima el martes 21 de mayo del 2024\u201d, informaron al tiempo que consideraron que \u201ces imperioso que los compromisos asumidos por los diferentes\u00a0 espacios de Gobierno, se concreten porque la emergencia alimentaria en la provincia de entre r\u00edos ya es ley y el hambre sigue sin resolverse\u201d.<\/p>\n<p>\u201cEs de suma necesidad que los alimentos lleguen a cada merendero, comedor, espacio comunitario de la provincia y se convoque a la Mesa de Dialogo Social, incluida en la presente ley\u201d, advirtieron al tiempo que solicitaron \u201ccon car\u00e1cter de urgente\u201d, una audiencia con el gobernador Rogelio Frigerio.<\/p>\n<p>El comunicado fue firmado por: CTA AUT\u00d3NOMA; CTA DE LOS TRABAJADORES; ATE ENTRE RIOS; AGMER PARAN\u00c1; SINDICATO DE DRAGADO Y BALIZAMIENTO; PASTORAL SOCIAL; UTEP; MTE; MOVIMIENTO EVITA; SOMOS BARRIOS DE PIE; 19 DE DICIEMBRE; NUESTRA AM\u00c9RICA; ASAMBLEA VECINALISTA PARAN\u00c1; HIJOS REGIONAL PARAN\u00c1; ASAMBLEA LESBIANAS, TRAVESTIS, TRANS; MULTISECTORIAL DE MUJERES DE ENTRE RIOS; CORRIENTE NACIONAL MART\u00cdN FIERRO ENTRE RIOS; APYME; MUJERES TRAMANDO; CEPA, CAAC JOSE DANIEL RODRIGUEZ, MTL; PC, PCR, PTP, UTEP, MESA CONTRA EL HAMBRE CONCEPCI\u00d3N DEL URUGUAY.<\/p>\n","protected":false},"excerpt":{"rendered":"<p>\u201cDesde los distintos sectores que conformamos la Mesa contra el Hambre, vemos con alarmante preocupaci\u00f3n que a casi un mes de sancionada la Ley de Emergencia Alimentaria en Entre R\u00edos -impulsada por \u00e9ste espacio- los alimentos, a\u00fan no han llegado a la mesa de miles de familias entrerrianas\u201d, se\u00f1alaron. Piden una audiencia a Frigerio &nbsp; &nbsp; \u201cLa Ley est\u00e1, los alimentos no\u201d, aseveraron en un comunicado enviado a esta Agencia desde la Mesa contra el Hambre en el que afirman: \u201cEn una provincia que recientemente reafirm\u00f3 su compromiso con la&#8230;<\/p>\n","protected":false},"author":3,"featured_media":61616,"comment_status":"closed","ping_status":"closed","sticky":false,"template":"","format":"standard","meta":[],"categories":[9],"tags":[],"_links":{"self":[{"href":"https:\/\/www.actualidadadiario.com\/index.php\/wp-json\/wp\/v2\/posts\/114840"}],"collection":[{"href":"https:\/\/www.actualidadadiario.com\/index.php\/wp-json\/wp\/v2\/posts"}],"about":[{"href":"https:\/\/www.actualidadadiario.com\/index.php\/wp-json\/wp\/v2\/types\/post"}],"author":[{"embeddable":true,"href":"https:\/\/www.actualidadadiario.com\/index.php\/wp-json\/wp\/v2\/users\/3"}],"replies":[{"embeddable":true,"href":"https:\/\/www.actualidadadiario.com\/index.php\/wp-json\/wp\/v2\/comments?post=114840"}],"version-history":[{"count":1,"href":"https:\/\/www.actualidadadiario.com\/index.php\/wp-json\/wp\/v2\/posts\/114840\/revisions"}],"predecessor-version":[{"id":114841,"href":"https:\/\/www.actualidadadiario.com\/index.php\/wp-json\/wp\/v2\/posts\/114840\/revisions\/114841"}],"wp:featuredmedia":[{"embeddable":true,"href":"https:\/\/www.actualidadadiario.com\/index.php\/wp-json\/wp\/v2\/media\/61616"}],"wp:attachment":[{"href":"https:\/\/www.actualidadadiario.com\/index.php\/wp-json\/wp\/v2\/media?parent=114840"}],"wp:term":[{"taxonomy":"category","embeddable":true,"href":"https:\/\/www.actualidadadiario.com\/index.php\/wp-json\/wp\/v2\/categories?post=114840"},{"taxonomy":"post_tag","embeddable":true,"href":"https:\/\/www.actualidadadiario.com\/index.php\/wp-json\/wp\/v2\/tags?post=114840"}],"curies":[{"name":"wp","href":"https:\/\/api.w.org\/{rel}","templated":true}]}}