{"id":114820,"date":"2024-05-21T11:21:16","date_gmt":"2024-05-21T14:21:16","guid":{"rendered":"https:\/\/www.actualidadadiario.com\/?p=114820"},"modified":"2024-05-21T11:21:16","modified_gmt":"2024-05-21T14:21:16","slug":"presupuesto-universitario-la-ucr-mantiene-en-pie-la-sesion","status":"publish","type":"post","link":"https:\/\/www.actualidadadiario.com\/index.php\/2024\/05\/21\/presupuesto-universitario-la-ucr-mantiene-en-pie-la-sesion\/","title":{"rendered":"Presupuesto universitario: la UCR mantiene en pie la sesi\u00f3n"},"content":{"rendered":"<p style=\"text-align: center;\"><em><strong>Uni\u00f3n por la Patria dar\u00e1 qu\u00f3rum, por lo que se abrir\u00e1 el recinto. Dudas sobre el sentido pr\u00e1ctico de sesionar sin dict\u00e1menes firmados y sin una mayor\u00eda de dos tercios para forzar la media sanci\u00f3n<\/strong><\/em><\/p>\n<p>&nbsp;<\/p>\n<p>&nbsp;<\/p>\n<p>Si bien la convocatoria no oficializada del presidente de la comisi\u00f3n de Educaci\u00f3n de la C\u00e1mara de Diputados, Alejandro Finocchiaro, a una reuni\u00f3n para dictaminar los proyectos de presupuesto universitario sembr\u00f3 dudas y aliment\u00f3 el misterio hasta el final, el bloque de la Uni\u00f3n C\u00edvica Radical mantiene en pie el pedido de sesi\u00f3n especial para hoy martes y no tendr\u00eda ninguna dificultad en reunir qu\u00f3rum.<\/p>\n<p>Esto es as\u00ed porque ayer el bloque de Uni\u00f3n por la Patria, que tiene 99 integrantes y es presidido por Germ\u00e1n Mart\u00ednez, confirm\u00f3 que asistir\u00e1 al recinto de entrada, y de paso reclamar\u00e1 que junto a los proyectos de declaran la emergencia presupuestaria de las universidades p\u00fablicas nacionales y que estipulan mecanismos de actualizaci\u00f3n autom\u00e1tica del financiamiento para la educaci\u00f3n superior, se traten las iniciativas que apuntan a la recuperaci\u00f3n del Fondo de Incentivo Docente.<\/p>\n<p>Hasta avanzada la tarde de este lunes se hab\u00eda especulado con la posibilidad de que el radicalismo levantara el pedido de sesi\u00f3n especial para este martes a las 14 hs, luego de que Finocchiaro confirmara su intenci\u00f3n de convocar a un plenario de comisiones junto a Presupuesto y Hacienda.<\/p>\n<p>El bloque conducido por Rodrigo de Loredo estuvo en contacto durante toda la jornada con los rectores de las distintas universidades p\u00fablicas (exceptuando a la UBA, que ya arregl\u00f3 su situaci\u00f3n con el Gobierno) para monitorear el estado de las conversaciones con el Gobierno, para ver si se encontraba alguna soluci\u00f3n inmediata y efectiva a la actualizaci\u00f3n del presupuesto universitario para este a\u00f1o.<\/p>\n<p>Las negociaciones no habr\u00edan llevado a buen puerto y por eso la UCR mantuvo la convocatoria al recinto, pese a la resistencia de algunos sectores internos del bloque que entend\u00edan que ante la convocatoria al plenario de comisiones para este jueves, la sesi\u00f3n perd\u00eda efecto pr\u00e1ctico.<\/p>\n<p>El planteo de estos sectores disidentes tiene todo sentido y l\u00f3gica: para lograr la media sanci\u00f3n de algunos de los proyectos que estar\u00e1n en consideraci\u00f3n (sin dict\u00e1menes firmados), se requerir\u00e1 de una mayor\u00eda especial de dos tercios, una proporci\u00f3n casi imposible de alcanzar dada la correlaci\u00f3n de fuerzas en la C\u00e1mara baja.<\/p>\n<p>Y si el objetivo fuera emplazar al plenario de comisiones, tal cosa ser\u00eda redundante y poco \u00fatil dado que ya existe un compromiso de Finocchiaro y de Jos\u00e9 Luis Espert (presidente de Presupuesto y Hacienda) de pasar a la firma los dict\u00e1menes este jueves.<\/p>\n<p>\u201cNosotros desconfiamos de que el jueves se vaya a dictaminar, pese a que prometieron eso\u201d, justificaron cerca de De Loredo.<\/p>\n<p>Adem\u00e1s, el cordob\u00e9s hab\u00eda sido muy criticado por los rectores radicales por haber dejado sin qu\u00f3rum la sesi\u00f3n convocada el 24 de abril con el mismo prop\u00f3sito. Con esta acci\u00f3n, De Loredo busca congraciarse con este sector de la academia universitaria con el que se siente en deuda.<\/p>\n<p>La rebeli\u00f3n del bloque radical se desencaden\u00f3 el viernes pasado luego de que tomara estado p\u00fablico el comunicado del Ministerio de Desarrollo Humano a cargo de Sandra Pettovello en el que se anunci\u00f3 el acuerdo con la Universidad de Buenos Aires (UBA) por un aumento del 270% del presupuesto respecto del 2023, con el aval de los senadores de la UCR.<\/p>\n<p>Al parecer, el sector que se referencia en De Loredo se molest\u00f3 porque el acuerdo con la UBA se cerr\u00f3 a escondidas con el vicerrector de esa instituci\u00f3n, Emiliano Yacobitti (ex diputado nacional y uno de los exponentes de Evoluci\u00f3n junto a Mart\u00edn Lousteau), en una interlocuci\u00f3n que prescindi\u00f3 de la consulta al resto del radicalismo, en particular de quienes se involucraron en la negociaci\u00f3n de la media sanci\u00f3n en la C\u00e1mara baja.<\/p>\n<p>La irresuelta y llameante interna radical, y la competencia de egos y vanidades entre sus principales exponentes, deriv\u00f3 en convocatoria a una sesi\u00f3n que ser\u00e1 a todas luces extra\u00f1a por la inaudita ausencia de todo criterio de pragmatismo. Testimonialidad pura y dura.<\/p>\n<p>M\u00e1s all\u00e1 de que los diputados de Evoluci\u00f3n no est\u00e1n de acuerdo con esta sesi\u00f3n, bajar\u00e1n al recinto a sentarse en las bancas porque la decisi\u00f3n se tom\u00f3 democr\u00e1ticamente por mayor\u00eda.<\/p>\n<p>La Coalici\u00f3n C\u00edvica tambi\u00e9n bajar\u00e1n y la duda es que har\u00e1n los diputados de Hacemos Coalici\u00f3n Federal e Innovaci\u00f3n Federal.<\/p>\n<p>El PRO y La Libertad Avanza solamente bajar\u00e1n una vez que la oposici\u00f3n haya conseguido el qu\u00f3rum, que est\u00e1 garantizado a partir de la sumatoria de las voluntades de Uni\u00f3n por la Patria y la UCR. El Frente de Izquierda tambi\u00e9n ser\u00e1 de la partida desde el comienzo.<\/p>\n<p>Un diputado nacional del PRO confirm\u00f3 que \u201cobviamente la idea es no dar qu\u00f3rum\u201d, aunque dijo que no se resigna a la posibilidad de que el radicalismo entienda razones y levante la sesi\u00f3n que pidi\u00f3.<\/p>\n<p>\u201cLa verdad es que est\u00e1n incumpliendo con una serie de conversaciones. Si despu\u00e9s si logran juntar qu\u00f3rum, trataremos de estar porque si no, por ah\u00ed te votan cualquier cosa. Pero vamos a tener fe de que van a bajar la sesi\u00f3n\u201d, manifest\u00f3.<\/p>\n","protected":false},"excerpt":{"rendered":"<p>Uni\u00f3n por la Patria dar\u00e1 qu\u00f3rum, por lo que se abrir\u00e1 el recinto. Dudas sobre el sentido pr\u00e1ctico de sesionar sin dict\u00e1menes firmados y sin una mayor\u00eda de dos tercios para forzar la media sanci\u00f3n &nbsp; &nbsp; Si bien la convocatoria no oficializada del presidente de la comisi\u00f3n de Educaci\u00f3n de la C\u00e1mara de Diputados, Alejandro Finocchiaro, a una reuni\u00f3n para dictaminar los proyectos de presupuesto universitario sembr\u00f3 dudas y aliment\u00f3 el misterio hasta el final, el bloque de la Uni\u00f3n C\u00edvica Radical mantiene en pie el pedido de sesi\u00f3n&#8230;<\/p>\n","protected":false},"author":3,"featured_media":114821,"comment_status":"closed","ping_status":"closed","sticky":false,"template":"","format":"standard","meta":[],"categories":[18],"tags":[],"_links":{"self":[{"href":"https:\/\/www.actualidadadiario.com\/index.php\/wp-json\/wp\/v2\/posts\/114820"}],"collection":[{"href":"https:\/\/www.actualidadadiario.com\/index.php\/wp-json\/wp\/v2\/posts"}],"about":[{"href":"https:\/\/www.actualidadadiario.com\/index.php\/wp-json\/wp\/v2\/types\/post"}],"author":[{"embeddable":true,"href":"https:\/\/www.actualidadadiario.com\/index.php\/wp-json\/wp\/v2\/users\/3"}],"replies":[{"embeddable":true,"href":"https:\/\/www.actualidadadiario.com\/index.php\/wp-json\/wp\/v2\/comments?post=114820"}],"version-history":[{"count":1,"href":"https:\/\/www.actualidadadiario.com\/index.php\/wp-json\/wp\/v2\/posts\/114820\/revisions"}],"predecessor-version":[{"id":114822,"href":"https:\/\/www.actualidadadiario.com\/index.php\/wp-json\/wp\/v2\/posts\/114820\/revisions\/114822"}],"wp:featuredmedia":[{"embeddable":true,"href":"https:\/\/www.actualidadadiario.com\/index.php\/wp-json\/wp\/v2\/media\/114821"}],"wp:attachment":[{"href":"https:\/\/www.actualidadadiario.com\/index.php\/wp-json\/wp\/v2\/media?parent=114820"}],"wp:term":[{"taxonomy":"category","embeddable":true,"href":"https:\/\/www.actualidadadiario.com\/index.php\/wp-json\/wp\/v2\/categories?post=114820"},{"taxonomy":"post_tag","embeddable":true,"href":"https:\/\/www.actualidadadiario.com\/index.php\/wp-json\/wp\/v2\/tags?post=114820"}],"curies":[{"name":"wp","href":"https:\/\/api.w.org\/{rel}","templated":true}]}}