{"id":114818,"date":"2024-05-21T11:20:11","date_gmt":"2024-05-21T14:20:11","guid":{"rendered":"https:\/\/www.actualidadadiario.com\/?p=114818"},"modified":"2024-05-21T11:20:11","modified_gmt":"2024-05-21T14:20:11","slug":"posse-encabeza-la-reunion-de-gabinete-con-la-mira-puesta-en-la-ley-bases-y-en-pleno-conflicto-con-espana","status":"publish","type":"post","link":"https:\/\/www.actualidadadiario.com\/index.php\/2024\/05\/21\/posse-encabeza-la-reunion-de-gabinete-con-la-mira-puesta-en-la-ley-bases-y-en-pleno-conflicto-con-espana\/","title":{"rendered":"Posse encabeza la reuni\u00f3n de Gabinete con la mira puesta en la Ley Bases y en pleno conflicto con Espa\u00f1a"},"content":{"rendered":"<p style=\"text-align: center;\"><em><strong>Participan del intercambio la vicepresidenta Victoria Villarruel y el titular de la C\u00e1mara de Diputados, Mart\u00edn Menem<\/strong><\/em><\/p>\n<p>&nbsp;<\/p>\n<p>&nbsp;<\/p>\n<p>Con el presidente Javier Milei en su despacho presidencial, el jefe de Gabinete, Nicol\u00e1s Posse, encabeza una nueva reuni\u00f3n de ministros junto a sus principales colaboradores con las miras puestas en conquistar la media sanci\u00f3n de la Ley Bases en la C\u00e1mara de Diputados.<\/p>\n<p>El intercambio que inici\u00f3 pasadas las 8.30 en el Sal\u00f3n Eva Per\u00f3n se da en plena escalada de tensi\u00f3n con el gobierno espa\u00f1ol de Pedro S\u00e1nchez que anunci\u00f3 que retira de forma definitiva a la embajadora en Buenos Aires, Mar\u00eda Jes\u00fas Alonso Jim\u00e9nez.<\/p>\n<p>Participan los ministros Patricia Bullrich (Seguridad), Luis Petri (Defensa), Luis \u201cToto\u201d Caputo (Econom\u00eda), Mariano C\u00faneo Libarona (Justicia), Guillermo Francos (Interior), Sandra Pettovello (Capital Humano) y Mario Russo (Salud), el primero en llegar.<\/p>\n<p>Tambi\u00e9n se encuentran presentes la vicepresidenta Victoria Villarruel y el titular de la C\u00e1mara de Diputados, Mart\u00edn Menem con la intenci\u00f3n de avanzar en la sanci\u00f3n del nuevo proyecto de Ley \u00d3mnibus. Ya sin Pacto de Mayo, la intenci\u00f3n de la administraci\u00f3n libertaria es destrabar las negociaciones con la oposici\u00f3n dialoguista y obtener la sanci\u00f3n de la ley.<\/p>\n<p>Completan la lista de asistentes el secretario de Legal y T\u00e9cnica, Javier Herrera Bravo; secretario de Prensa, Eduardo Serenellini; el asesor presidencial Santiago Caputo y el vocero Manuel Adorni.<\/p>\n<p>En paralelo, Milei desde su despacho presidencial arremeti\u00f3 contra Pedro S\u00e1nchez, luego del anuncio del futuro de la diplom\u00e1tica, y lo acus\u00f3 de ser \u201cun socialista fatalmente arrogante\u201d. \u201cEs un disparate propio de un socialista fatalmente arrogante\u201d, remarc\u00f3 el mandatario en una entrevista televisiva, y asegur\u00f3 que la Argentina no retirar\u00e1 a su embajador, Roberto Bosch, de Espa\u00f1a. \u201cNo voy a ser tan imb\u00e9cil de repetir semejante error\u201d, argument\u00f3.<\/p>\n","protected":false},"excerpt":{"rendered":"<p>Participan del intercambio la vicepresidenta Victoria Villarruel y el titular de la C\u00e1mara de Diputados, Mart\u00edn Menem &nbsp; &nbsp; Con el presidente Javier Milei en su despacho presidencial, el jefe de Gabinete, Nicol\u00e1s Posse, encabeza una nueva reuni\u00f3n de ministros junto a sus principales colaboradores con las miras puestas en conquistar la media sanci\u00f3n de la Ley Bases en la C\u00e1mara de Diputados. El intercambio que inici\u00f3 pasadas las 8.30 en el Sal\u00f3n Eva Per\u00f3n se da en plena escalada de tensi\u00f3n con el gobierno espa\u00f1ol de Pedro S\u00e1nchez que&#8230;<\/p>\n","protected":false},"author":3,"featured_media":113400,"comment_status":"closed","ping_status":"closed","sticky":false,"template":"","format":"standard","meta":[],"categories":[18],"tags":[],"_links":{"self":[{"href":"https:\/\/www.actualidadadiario.com\/index.php\/wp-json\/wp\/v2\/posts\/114818"}],"collection":[{"href":"https:\/\/www.actualidadadiario.com\/index.php\/wp-json\/wp\/v2\/posts"}],"about":[{"href":"https:\/\/www.actualidadadiario.com\/index.php\/wp-json\/wp\/v2\/types\/post"}],"author":[{"embeddable":true,"href":"https:\/\/www.actualidadadiario.com\/index.php\/wp-json\/wp\/v2\/users\/3"}],"replies":[{"embeddable":true,"href":"https:\/\/www.actualidadadiario.com\/index.php\/wp-json\/wp\/v2\/comments?post=114818"}],"version-history":[{"count":1,"href":"https:\/\/www.actualidadadiario.com\/index.php\/wp-json\/wp\/v2\/posts\/114818\/revisions"}],"predecessor-version":[{"id":114819,"href":"https:\/\/www.actualidadadiario.com\/index.php\/wp-json\/wp\/v2\/posts\/114818\/revisions\/114819"}],"wp:featuredmedia":[{"embeddable":true,"href":"https:\/\/www.actualidadadiario.com\/index.php\/wp-json\/wp\/v2\/media\/113400"}],"wp:attachment":[{"href":"https:\/\/www.actualidadadiario.com\/index.php\/wp-json\/wp\/v2\/media?parent=114818"}],"wp:term":[{"taxonomy":"category","embeddable":true,"href":"https:\/\/www.actualidadadiario.com\/index.php\/wp-json\/wp\/v2\/categories?post=114818"},{"taxonomy":"post_tag","embeddable":true,"href":"https:\/\/www.actualidadadiario.com\/index.php\/wp-json\/wp\/v2\/tags?post=114818"}],"curies":[{"name":"wp","href":"https:\/\/api.w.org\/{rel}","templated":true}]}}