{"id":114813,"date":"2024-05-21T11:16:39","date_gmt":"2024-05-21T14:16:39","guid":{"rendered":"https:\/\/www.actualidadadiario.com\/?p=114813"},"modified":"2024-05-21T11:16:39","modified_gmt":"2024-05-21T14:16:39","slug":"espana-anuncio-el-retiro-definitivo-de-su-embajadora-tras-nuevos-insultos-de-milei-a-sanchez","status":"publish","type":"post","link":"https:\/\/www.actualidadadiario.com\/index.php\/2024\/05\/21\/espana-anuncio-el-retiro-definitivo-de-su-embajadora-tras-nuevos-insultos-de-milei-a-sanchez\/","title":{"rendered":"Espa\u00f1a anunci\u00f3 el retiro definitivo de su embajadora tras nuevos insultos de Milei a S\u00e1nchez"},"content":{"rendered":"<p style=\"text-align: center;\"><em><strong>Lo anunci\u00f3 el canciller espa\u00f1ol luego de que Milei, lejos de disculparse, llamara a S\u00e1nchez \u201ccobarde\u201d y lo acusara de \u201ctrabajar alineado con el kirchnerismo para tratar de sabotear nuestro gobierno\u201d<\/strong><\/em><\/p>\n<p>&nbsp;<\/p>\n<p>&nbsp;<\/p>\n<p>El Gobierno espa\u00f1ol anunci\u00f3 el retiro de su embajadora en Argentina, Mar\u00eda Jes\u00fas Alonso, tras la negativa de Javier Milei a disculparse por sus ataques contra el mandatario Pedro S\u00e1nchez y su esposa Bego\u00f1a G\u00f3mez.<\/p>\n<p>\u201cLes anuncio que retiramos a nuestra embajadora en Buenos Aires. Argentina continuar\u00e1 sin embajador\u00bb, manifest\u00f3 Jos\u00e9 Manuel Albares, ministro de Exteriores espa\u00f1ol. Esta decisi\u00f3n no marca una ruptura diplom\u00e1tica, pero si una baja en el nivel de relaciones.<\/p>\n<p>\u201cLa retirada de la embajadora supone que no habr\u00e1 embajadora espa\u00f1ola en Buenos Aires y la embajada funcionar\u00e1 como encargada de negocios. Exigimos disculpas p\u00fablicas por lo que fue un asalto a la buena fe y hospitalidad de las instituciones espa\u00f1olas\u201d, expres\u00f3 el funcionario Albares.<\/p>\n<p>Lejos de disculparse, Milei llam\u00f3 este lunes a S\u00e1nchez \u201ccobarde\u201d y \u201ctotalitario\u201d. En una entrevista con el canal TN, se\u00f1al\u00f3 que el presidente espa\u00f1ol \u201cse esconde entre las faldas de las mujeres\u201d. Adem\u00e1s, lo acus\u00f3 de \u201ctrabajar alineado con el kirchnerismo para tratar de sabotear nuestro gobierno\u201d.<\/p>\n<p>En su discurso del pasado domingo durante el acto de la ultraderecha, el mandatario llam\u00f3 \u00abcala\u00f1a\u00bb a S\u00e1nchez y tild\u00f3 de \u00abcorrupta\u00bb a su esposa, Bego\u00f1a G\u00f3mez, si bien, como hab\u00eda adelantado en rueda de prensa su portavoz, Manuel Adorni, \u00e9l mismo dijo en televisi\u00f3n que no los hab\u00eda citado expresamente y que si S\u00e1nchez se sinti\u00f3 aludido \u00abmuestra que est\u00e1 sucio\u00bb.<\/p>\n<p>Tras esas palabras, el Gobierno espa\u00f1ol llam\u00f3 a consultas a su embajadora en Buenos Aires, Mar\u00eda Jes\u00fas Alonso, y posteriormente convoc\u00f3 al embajador argentino en Madrid, Roberto Bosch, mientras que el Ejecutivo argentino repiti\u00f3 en diversos \u00e1mbitos que era Espa\u00f1a la que deb\u00eda pedir disculpas por los ataques vertidos, seg\u00fan Buenos Aires, contra Milei.<\/p>\n<p>\u00abNo le voy a pedir disculpas bajo ning\u00fan punto de vista\u2026 Si yo fui el agredido\u00bb, ha insistido Milei, en referencia a las declaraciones del pasado 3 de mayo del ministro de Transportes, \u00d3scar Puente, quien sugiri\u00f3 que el mandatario se drogaba. Asimismo, el presidente del pa\u00eds sudamericano ha recordado en la entrevista que S\u00e1nchez, que hab\u00eda apoyado en la campa\u00f1a argentina al entonces ministro de Econom\u00eda y candidato peronista, Sergio Massa, nunca le ha felicitado por su triunfo electoral.<\/p>\n<p>El jefe del Gobierno espa\u00f1ol tampoco acudi\u00f3 a su toma de posesi\u00f3n, que tuvo lugar el 10 de diciembre, aunque Espa\u00f1a estuvo representada por el rey Felipe VI.<\/p>\n","protected":false},"excerpt":{"rendered":"<p>Lo anunci\u00f3 el canciller espa\u00f1ol luego de que Milei, lejos de disculparse, llamara a S\u00e1nchez \u201ccobarde\u201d y lo acusara de \u201ctrabajar alineado con el kirchnerismo para tratar de sabotear nuestro gobierno\u201d &nbsp; &nbsp; El Gobierno espa\u00f1ol anunci\u00f3 el retiro de su embajadora en Argentina, Mar\u00eda Jes\u00fas Alonso, tras la negativa de Javier Milei a disculparse por sus ataques contra el mandatario Pedro S\u00e1nchez y su esposa Bego\u00f1a G\u00f3mez. \u201cLes anuncio que retiramos a nuestra embajadora en Buenos Aires. Argentina continuar\u00e1 sin embajador\u00bb, manifest\u00f3 Jos\u00e9 Manuel Albares, ministro de Exteriores espa\u00f1ol&#8230;.<\/p>\n","protected":false},"author":3,"featured_media":114814,"comment_status":"closed","ping_status":"closed","sticky":false,"template":"","format":"standard","meta":[],"categories":[18],"tags":[],"_links":{"self":[{"href":"https:\/\/www.actualidadadiario.com\/index.php\/wp-json\/wp\/v2\/posts\/114813"}],"collection":[{"href":"https:\/\/www.actualidadadiario.com\/index.php\/wp-json\/wp\/v2\/posts"}],"about":[{"href":"https:\/\/www.actualidadadiario.com\/index.php\/wp-json\/wp\/v2\/types\/post"}],"author":[{"embeddable":true,"href":"https:\/\/www.actualidadadiario.com\/index.php\/wp-json\/wp\/v2\/users\/3"}],"replies":[{"embeddable":true,"href":"https:\/\/www.actualidadadiario.com\/index.php\/wp-json\/wp\/v2\/comments?post=114813"}],"version-history":[{"count":1,"href":"https:\/\/www.actualidadadiario.com\/index.php\/wp-json\/wp\/v2\/posts\/114813\/revisions"}],"predecessor-version":[{"id":114815,"href":"https:\/\/www.actualidadadiario.com\/index.php\/wp-json\/wp\/v2\/posts\/114813\/revisions\/114815"}],"wp:featuredmedia":[{"embeddable":true,"href":"https:\/\/www.actualidadadiario.com\/index.php\/wp-json\/wp\/v2\/media\/114814"}],"wp:attachment":[{"href":"https:\/\/www.actualidadadiario.com\/index.php\/wp-json\/wp\/v2\/media?parent=114813"}],"wp:term":[{"taxonomy":"category","embeddable":true,"href":"https:\/\/www.actualidadadiario.com\/index.php\/wp-json\/wp\/v2\/categories?post=114813"},{"taxonomy":"post_tag","embeddable":true,"href":"https:\/\/www.actualidadadiario.com\/index.php\/wp-json\/wp\/v2\/tags?post=114813"}],"curies":[{"name":"wp","href":"https:\/\/api.w.org\/{rel}","templated":true}]}}