{"id":114810,"date":"2024-05-21T11:15:40","date_gmt":"2024-05-21T14:15:40","guid":{"rendered":"https:\/\/www.actualidadadiario.com\/?p=114810"},"modified":"2024-05-21T11:15:40","modified_gmt":"2024-05-21T14:15:40","slug":"25-de-mayo-el-presidente-viajara-a-cordoba-pero-no-habra-pacto","status":"publish","type":"post","link":"https:\/\/www.actualidadadiario.com\/index.php\/2024\/05\/21\/25-de-mayo-el-presidente-viajara-a-cordoba-pero-no-habra-pacto\/","title":{"rendered":"25 de mayo: el presidente viajar\u00e1 a C\u00f3rdoba, pero no habr\u00e1 Pacto"},"content":{"rendered":"<p style=\"text-align: center;\"><em><strong>Encabezar\u00e1 un acto conmemorativo de la Revoluci\u00f3n de 1810, pero s\u00f3lo lo acompa\u00f1ar\u00e1 el gobernador local y algunos ministros. Se aguarda que haga un discurso virulento<\/strong><\/em><\/p>\n<p>&nbsp;<\/p>\n<p>&nbsp;<\/p>\n<p>La firma del pacto que ya no ser\u00e1 de mayo, quedar\u00e1 para otra fecha. Del mismo modo, la reuni\u00f3n con los gobernadores ese d\u00eda, anunciada con bombos y platillos desde que el presidente Javier Milei los convoc\u00f3 a firmar el Pacto durante su discurso en la apertura de sesiones del Congreso Nacional, el pasado 1\u00b0 de marzo.<\/p>\n<p>De todas maneras, el mandatario se trasladar\u00e1 a C\u00f3rdoba y se reunir\u00e1 con el gobernador Mart\u00edn Llaryora. As\u00ed lo confirm\u00f3 el gobierno provincial mediante un comunicado. Aunque en el texto se omite una definici\u00f3n concreta sobre si luego ambos participar\u00e1n del acto que encabezar\u00eda el presidente en homenaje a la revoluci\u00f3n de 1810. Lo que se descontaba, asimismo, que en su viaje, Milei \u00fanicamente estar\u00eda acompa\u00f1ado por dos o tres miembros de su Gabinete. Quien no se perder\u00eda el acto ser\u00eda la secretaria general de la presidencia, la hermana del mandatario, Karina Milei.<\/p>\n<p>Fuentes de la Casa Rosada, confiaron que el presidente, molesto por la postergada aprobaci\u00f3n en el Congreso de Ley Bases y el paquete fiscal, ya tendr\u00eda decidido ir de todas maneras a C\u00f3rdoba y desde all\u00ed descargar\u00eda todas su habitual artiller\u00eda dial\u00e9ctica contra los legisladores y \u201cla casta pol\u00edtica\u201d. La firma del Pacto podr\u00eda trasladarse para el 9 de Julio.<\/p>\n<p>De todas maneras, en C\u00f3rdoba, al presidente lo aguardar\u00e1 una protesta de organizaciones sociales y de Derechos Humanos, junto con centrales sindicales, quienes le har\u00e1n sentir su oposici\u00f3n.<\/p>\n","protected":false},"excerpt":{"rendered":"<p>Encabezar\u00e1 un acto conmemorativo de la Revoluci\u00f3n de 1810, pero s\u00f3lo lo acompa\u00f1ar\u00e1 el gobernador local y algunos ministros. Se aguarda que haga un discurso virulento &nbsp; &nbsp; La firma del pacto que ya no ser\u00e1 de mayo, quedar\u00e1 para otra fecha. Del mismo modo, la reuni\u00f3n con los gobernadores ese d\u00eda, anunciada con bombos y platillos desde que el presidente Javier Milei los convoc\u00f3 a firmar el Pacto durante su discurso en la apertura de sesiones del Congreso Nacional, el pasado 1\u00b0 de marzo. De todas maneras, el mandatario&#8230;<\/p>\n","protected":false},"author":3,"featured_media":114811,"comment_status":"closed","ping_status":"closed","sticky":false,"template":"","format":"standard","meta":[],"categories":[9],"tags":[],"_links":{"self":[{"href":"https:\/\/www.actualidadadiario.com\/index.php\/wp-json\/wp\/v2\/posts\/114810"}],"collection":[{"href":"https:\/\/www.actualidadadiario.com\/index.php\/wp-json\/wp\/v2\/posts"}],"about":[{"href":"https:\/\/www.actualidadadiario.com\/index.php\/wp-json\/wp\/v2\/types\/post"}],"author":[{"embeddable":true,"href":"https:\/\/www.actualidadadiario.com\/index.php\/wp-json\/wp\/v2\/users\/3"}],"replies":[{"embeddable":true,"href":"https:\/\/www.actualidadadiario.com\/index.php\/wp-json\/wp\/v2\/comments?post=114810"}],"version-history":[{"count":1,"href":"https:\/\/www.actualidadadiario.com\/index.php\/wp-json\/wp\/v2\/posts\/114810\/revisions"}],"predecessor-version":[{"id":114812,"href":"https:\/\/www.actualidadadiario.com\/index.php\/wp-json\/wp\/v2\/posts\/114810\/revisions\/114812"}],"wp:featuredmedia":[{"embeddable":true,"href":"https:\/\/www.actualidadadiario.com\/index.php\/wp-json\/wp\/v2\/media\/114811"}],"wp:attachment":[{"href":"https:\/\/www.actualidadadiario.com\/index.php\/wp-json\/wp\/v2\/media?parent=114810"}],"wp:term":[{"taxonomy":"category","embeddable":true,"href":"https:\/\/www.actualidadadiario.com\/index.php\/wp-json\/wp\/v2\/categories?post=114810"},{"taxonomy":"post_tag","embeddable":true,"href":"https:\/\/www.actualidadadiario.com\/index.php\/wp-json\/wp\/v2\/tags?post=114810"}],"curies":[{"name":"wp","href":"https:\/\/api.w.org\/{rel}","templated":true}]}}