{"id":114807,"date":"2024-05-21T11:13:33","date_gmt":"2024-05-21T14:13:33","guid":{"rendered":"https:\/\/www.actualidadadiario.com\/?p=114807"},"modified":"2024-05-21T11:13:33","modified_gmt":"2024-05-21T14:13:33","slug":"el-gobierno-suspendio-las-redes-sociales-y-paginas-web-de-los-medios-publicos","status":"publish","type":"post","link":"https:\/\/www.actualidadadiario.com\/index.php\/2024\/05\/21\/el-gobierno-suspendio-las-redes-sociales-y-paginas-web-de-los-medios-publicos\/","title":{"rendered":"El Gobierno suspendi\u00f3 las redes sociales y p\u00e1ginas web de los medios p\u00fablicos"},"content":{"rendered":"<p style=\"text-align: center;\"><em><strong>La decisi\u00f3n fue anunciada a trav\u00e9s de un pol\u00e9mico comunicado, que explica que los medios p\u00fablicos se encuentran en un &#8220;proceso de reorganizaci\u00f3n. La medida afecta a la TV, Radio Nacional, las emisoras del interior, FM Cl\u00e1sica, FM Rock, FM Folcl\u00f3rica, Paka Paka y Canal Encuentro<\/strong><\/em><\/p>\n<p>&nbsp;<\/p>\n<p>&nbsp;<\/p>\n<p>&nbsp;<\/p>\n<p>Las redes sociales y sitios web de los medios p\u00fablicos tendr\u00e1n sus contenidos pausados temporalmente, seg\u00fan inform\u00f3 este martes el Gobierno a trav\u00e9s de un comunicado oficial<\/p>\n<p>La medida se toma, de acuerdo con la explicaci\u00f3n oficial, en medio de \u201cun proceso de reorganizaci\u00f3n que tiene como objetivo mejorar la producci\u00f3n, realizaci\u00f3n y difusi\u00f3n de los contenidos que generan\u201d.<\/p>\n<p>Los medios afectados por esta resoluci\u00f3n son Televisi\u00f3n P\u00fablica, Radio Nacional y las emisoras del interior, FM Cl\u00e1sica, FM Rock, FM Folcl\u00f3rica, Paka Paka y Canal Encuentro.<\/p>\n<p>\u201cSe unificar\u00e1n los criterios de difusi\u00f3n en redes sociales y se reiniciar\u00e1 la comunicaci\u00f3n digital luego de una reorganizaci\u00f3n interna de las empresas\u201d, complet\u00f3 el texto oficial.<\/p>\n<p>Otro comunicado encabezado con el logo de Radio y Televisi\u00f3n Argentina (RTA), y firmado por el interventor de los medios p\u00fablicos, Diego Chaher, precisa que la interrupci\u00f3n se produjo desde las 0 horas de este martes.<\/p>\n<p>En ese documento, se expres\u00f3 tambi\u00e9n la voluntad del Gobierno de \u201cencomendar la gesti\u00f3n de las redes, y las p\u00e1ginas webs de Televisi\u00f3n P\u00fablica, Radio Nacional, conjuntamente con todas sus emisoras, y las FM, \u00fanicamente a la Gerenta de Medios Digitales y Relaciones Institucionales de RTA SE, ello hasta que se reorganicen los procesos y contenidos de la comunicaci\u00f3n de la empresa\u201d.<\/p>\n","protected":false},"excerpt":{"rendered":"<p>La decisi\u00f3n fue anunciada a trav\u00e9s de un pol\u00e9mico comunicado, que explica que los medios p\u00fablicos se encuentran en un &#8220;proceso de reorganizaci\u00f3n. La medida afecta a la TV, Radio Nacional, las emisoras del interior, FM Cl\u00e1sica, FM Rock, FM Folcl\u00f3rica, Paka Paka y Canal Encuentro &nbsp; &nbsp; &nbsp; Las redes sociales y sitios web de los medios p\u00fablicos tendr\u00e1n sus contenidos pausados temporalmente, seg\u00fan inform\u00f3 este martes el Gobierno a trav\u00e9s de un comunicado oficial La medida se toma, de acuerdo con la explicaci\u00f3n oficial, en medio de \u201cun&#8230;<\/p>\n","protected":false},"author":3,"featured_media":114808,"comment_status":"closed","ping_status":"closed","sticky":false,"template":"","format":"standard","meta":[],"categories":[9],"tags":[],"_links":{"self":[{"href":"https:\/\/www.actualidadadiario.com\/index.php\/wp-json\/wp\/v2\/posts\/114807"}],"collection":[{"href":"https:\/\/www.actualidadadiario.com\/index.php\/wp-json\/wp\/v2\/posts"}],"about":[{"href":"https:\/\/www.actualidadadiario.com\/index.php\/wp-json\/wp\/v2\/types\/post"}],"author":[{"embeddable":true,"href":"https:\/\/www.actualidadadiario.com\/index.php\/wp-json\/wp\/v2\/users\/3"}],"replies":[{"embeddable":true,"href":"https:\/\/www.actualidadadiario.com\/index.php\/wp-json\/wp\/v2\/comments?post=114807"}],"version-history":[{"count":1,"href":"https:\/\/www.actualidadadiario.com\/index.php\/wp-json\/wp\/v2\/posts\/114807\/revisions"}],"predecessor-version":[{"id":114809,"href":"https:\/\/www.actualidadadiario.com\/index.php\/wp-json\/wp\/v2\/posts\/114807\/revisions\/114809"}],"wp:featuredmedia":[{"embeddable":true,"href":"https:\/\/www.actualidadadiario.com\/index.php\/wp-json\/wp\/v2\/media\/114808"}],"wp:attachment":[{"href":"https:\/\/www.actualidadadiario.com\/index.php\/wp-json\/wp\/v2\/media?parent=114807"}],"wp:term":[{"taxonomy":"category","embeddable":true,"href":"https:\/\/www.actualidadadiario.com\/index.php\/wp-json\/wp\/v2\/categories?post=114807"},{"taxonomy":"post_tag","embeddable":true,"href":"https:\/\/www.actualidadadiario.com\/index.php\/wp-json\/wp\/v2\/tags?post=114807"}],"curies":[{"name":"wp","href":"https:\/\/api.w.org\/{rel}","templated":true}]}}