{"id":114805,"date":"2024-05-21T10:28:33","date_gmt":"2024-05-21T13:28:33","guid":{"rendered":"https:\/\/www.actualidadadiario.com\/?p=114805"},"modified":"2024-05-21T10:28:33","modified_gmt":"2024-05-21T13:28:33","slug":"agmer-amet-sadop-y-uda-se-pliegan-al-paro-nacional-anunciado-para-el-jueves","status":"publish","type":"post","link":"https:\/\/www.actualidadadiario.com\/index.php\/2024\/05\/21\/agmer-amet-sadop-y-uda-se-pliegan-al-paro-nacional-anunciado-para-el-jueves\/","title":{"rendered":"Agmer, Amet, Sadop y Uda se pliegan al paro nacional anunciado para el jueves"},"content":{"rendered":"<p style=\"text-align: center;\"><em><strong>Los representantes de los gremios docentes en Entre R\u00edos confirmaron que adhieren al paro convocado para el jueves. Reclaman convocatoria a Paritaria Nacional, restituci\u00f3n del FONID y mayor financiamiento educativo<\/strong><\/em><\/p>\n<p>&nbsp;<\/p>\n<p>&nbsp;<\/p>\n<p>Los sindicatos docentes afiliados a la CGT y a la Confederaci\u00f3n de Trabajadores de la Educaci\u00f3n de la Rep\u00fablica Argentina (CTERA) anunciaron un paro de 24 horas para este jueves en todas las \u00e1reas del sistema educativo, desde la educaci\u00f3n inicial hasta la universitaria.<\/p>\n<p>Seg\u00fan se inform\u00f3, es en se\u00f1al de protesta por los retrasos salariales y la ausencia de convocatoria del Gobierno a la mesa paritaria nacional del sector.<\/p>\n<p>Marcelo Pagani, secretario General de AGMER, confirm\u00f3 que el gremio se suma a la medida de fuerza. Desde el sindicato indicaron que \u201cse convoca a todos los trabajadores de la educaci\u00f3n de nuestra provincia a adherir a dicha medida de fuerza en reclamo de una urgente convocatoria a la Paritaria Nacional Docente\u201d.<\/p>\n<p>Tambi\u00e9n piden la \u201crestituci\u00f3n del FONID, que implica una disminuci\u00f3n del salario entre un 10 % y un 20 %\u201d y \u201cmayor financiamiento para las escuelas y las universidades p\u00fablicas\u201d. En ese marco, solicitan \u201cm\u00e1s Presupuesto Educativo, env\u00edo de recursos para infraestructura escolar, env\u00edo de fondos para comedores escolares y financiamiento para Programas Educativos\u201d.<\/p>\n<p>Asimismo, exigen \u201curgente aumento de emergencia a los salarios de las docentes y los docentes jubilados\u201d, como as\u00ed tambi\u00e9n le dicen \u201cno al traspaso de las Cajas Provinciales a la Naci\u00f3n y a la modificaci\u00f3n de los Reg\u00edmenes Jubilatorios Docentes Nacionales y Provinciales\u201d.<\/p>\n<p>Finalmente, tambi\u00e9n solicitan el \u201ccese de los despidos y reincorporaci\u00f3n de todos los trabajadores despedidos en las \u00e1reas educativas de la Naci\u00f3n\u201d.<\/p>\n<p>Por su parte, el secretario general de AMET, Carlos Varela, confirm\u00f3 que el gremio de los docentes t\u00e9cnicos tambi\u00e9n adhiere a la medida de fuerza del jueves. Lo mismo confirmaron representantes de los gremios SADOP y UDA.<\/p>\n","protected":false},"excerpt":{"rendered":"<p>Los representantes de los gremios docentes en Entre R\u00edos confirmaron que adhieren al paro convocado para el jueves. Reclaman convocatoria a Paritaria Nacional, restituci\u00f3n del FONID y mayor financiamiento educativo &nbsp; &nbsp; Los sindicatos docentes afiliados a la CGT y a la Confederaci\u00f3n de Trabajadores de la Educaci\u00f3n de la Rep\u00fablica Argentina (CTERA) anunciaron un paro de 24 horas para este jueves en todas las \u00e1reas del sistema educativo, desde la educaci\u00f3n inicial hasta la universitaria. Seg\u00fan se inform\u00f3, es en se\u00f1al de protesta por los retrasos salariales y la&#8230;<\/p>\n","protected":false},"author":3,"featured_media":58921,"comment_status":"closed","ping_status":"closed","sticky":false,"template":"","format":"standard","meta":[],"categories":[15],"tags":[],"_links":{"self":[{"href":"https:\/\/www.actualidadadiario.com\/index.php\/wp-json\/wp\/v2\/posts\/114805"}],"collection":[{"href":"https:\/\/www.actualidadadiario.com\/index.php\/wp-json\/wp\/v2\/posts"}],"about":[{"href":"https:\/\/www.actualidadadiario.com\/index.php\/wp-json\/wp\/v2\/types\/post"}],"author":[{"embeddable":true,"href":"https:\/\/www.actualidadadiario.com\/index.php\/wp-json\/wp\/v2\/users\/3"}],"replies":[{"embeddable":true,"href":"https:\/\/www.actualidadadiario.com\/index.php\/wp-json\/wp\/v2\/comments?post=114805"}],"version-history":[{"count":1,"href":"https:\/\/www.actualidadadiario.com\/index.php\/wp-json\/wp\/v2\/posts\/114805\/revisions"}],"predecessor-version":[{"id":114806,"href":"https:\/\/www.actualidadadiario.com\/index.php\/wp-json\/wp\/v2\/posts\/114805\/revisions\/114806"}],"wp:featuredmedia":[{"embeddable":true,"href":"https:\/\/www.actualidadadiario.com\/index.php\/wp-json\/wp\/v2\/media\/58921"}],"wp:attachment":[{"href":"https:\/\/www.actualidadadiario.com\/index.php\/wp-json\/wp\/v2\/media?parent=114805"}],"wp:term":[{"taxonomy":"category","embeddable":true,"href":"https:\/\/www.actualidadadiario.com\/index.php\/wp-json\/wp\/v2\/categories?post=114805"},{"taxonomy":"post_tag","embeddable":true,"href":"https:\/\/www.actualidadadiario.com\/index.php\/wp-json\/wp\/v2\/tags?post=114805"}],"curies":[{"name":"wp","href":"https:\/\/api.w.org\/{rel}","templated":true}]}}