{"id":114801,"date":"2024-05-21T10:27:17","date_gmt":"2024-05-21T13:27:17","guid":{"rendered":"https:\/\/www.actualidadadiario.com\/?p=114801"},"modified":"2024-05-21T10:27:17","modified_gmt":"2024-05-21T13:27:17","slug":"siguen-los-pedidos-a-kueider-para-que-rechace-la-ley-bases-el-pj-fue-votado-para-ser-oposicion-afirmo-loggio","status":"publish","type":"post","link":"https:\/\/www.actualidadadiario.com\/index.php\/2024\/05\/21\/siguen-los-pedidos-a-kueider-para-que-rechace-la-ley-bases-el-pj-fue-votado-para-ser-oposicion-afirmo-loggio\/","title":{"rendered":"Siguen los pedidos a Kueider para que rechace la Ley Bases: \u201cEl PJ fue votado para ser oposici\u00f3n\u201d, afirm\u00f3 Loggio"},"content":{"rendered":"<p style=\"text-align: center;\"><em><strong>El ex diputado provincial N\u00e9stor Loggio envi\u00f3 una carta abierta al senador nacional Edgardo Kueider en la que cuestiona su acompa\u00f1amiento a la Ley Bases. \u201cEl peronismo forma parte de un proyecto nacional que fue votado por el 45% del electorado nacional y que por lo tanto no fue votado para gobernar, sino para ser oposici\u00f3n\u201d, sostuvo. Asegur\u00f3 que el modelo de Milei \u201ces la ant\u00edtesis\u201d de los gobiernos de Per\u00f3n, N\u00e9stor y Cristina<\/strong><\/em><\/p>\n<p>&nbsp;<\/p>\n<p>&nbsp;<\/p>\n<p>\u201cLeo en los medios de comunicaci\u00f3n que su voto va a ser de acompa\u00f1amiento al presidente Milei, en la Ley Bases, que al decir de los dirigentes radicales es darle \u2018las herramientas \u2018 que el Presidente necesita\u201d, expres\u00f3 Loggio en una carta abierta dirigida a su coterr\u00e1neo\u00a0 Edgardo Kueider, que se suma a varios pedidos impulsados desde sectores vinculados al Partido Justicialista.<\/p>\n<p>\u201cYo parto de la base que el peronismo forma parte de un proyecto nacional que fue votado por el 45% del electorado nacional y que por lo tanto no fue votado para gobernar, sino para ser oposici\u00f3n\u201d, enfatiz\u00f3 Loggio, quien consider\u00f3 que \u201cel modelo de Milei es la ant\u00edtesis de los gobiernos de Juan Per\u00f3n, N\u00e9stor Kirchner y de Cristina Fern\u00e1ndez, y esto ya no es mi opini\u00f3n, son datos duros de la realidad: esos fueron los periodos del mayor crecimiento de la econom\u00eda y la m\u00e1s alta distribuci\u00f3n de la riqueza desde que se instauro la democracia desde 1916 hasta la fecha\u201d.<\/p>\n<p>En este marco, repas\u00f3 algunos datos econ\u00f3micos que arrojaron los m\u00e1s de cinco meses de gesti\u00f3n que lleva Milei: m\u00e1s de 3.500 obras p\u00fablicas paralizadas, 150.000 obreros de la construcci\u00f3n perdieron su trabajo, ca\u00edda del 44% de la producci\u00f3n de cemento, 65% en la venta de electrodom\u00e9stico, 30% en la producci\u00f3n de autos, 22 en la industria manufacturera y 24% en materia de producci\u00f3n de alimentos. \u201cY podr\u00edamos hablar del aumento de la luz y el gas que golpea sobre los sectores m\u00e1s vulnerables, y as\u00ed seguir sucesivamente sobre las decisiones que tom\u00f3 Milei, para enfriar la econom\u00eda, buscando disminuir la inflaci\u00f3n\u201d.<\/p>\n<p>Luego el ex diputado admiti\u00f3 que es necesario hacer reformas, pero sostuvo que \u201cel tema es qui\u00e9n paga el ajuste: si las clases m\u00e1s desfavorecidas o las m\u00e1s privilegiadas\u201d. En tal sentido, afirm\u00f3 que \u201cla Ley Bases plantea claramente trasladar riquezas de los que menos tienen hacia los m\u00e1s ricos a trav\u00e9s de herramientas fiscales, cobr\u00e1ndoles Ganancias a los trabajadores y bajando Bienes Personales a los m\u00e1s ricos\u201d.<\/p>\n<p>\u201c\u00bfQu\u00e9 tiene eso de peronismo?\u201d, se pregunt\u00f3 N\u00e9stor Loggio y se respondi\u00f3 de manera tajante: \u201cNada y nosotros nos debemos a esa base electoral que nos vot\u00f3. Entonces las reformas necesarias que hay que hacerle a la econom\u00eda deben tener como norte el crecimiento con inclusi\u00f3n social, como lo hiciera N\u00e9stor Kirchner despu\u00e9s de la crisis neoliberal que estall\u00f3 en el a\u00f1o 2001\u201d.<\/p>\n<p>&nbsp;<\/p>\n<p><strong>RIGI<\/strong><\/p>\n<p>En otro tramo de la carta, Loggio apunt\u00f3 contra el RIGI (R\u00e9gimen de Incentivo para las Grandes<\/p>\n<p>Inversiones), que \u201cva a encorsetar durante 30 a\u00f1os las grandes inversiones c con beneficios que no tiene la industria argentina\u201d. Y advirti\u00f3 que \u201cante cualquier reclamo que quiera hacer el Estado nacional lo tendr\u00e1 que hacer en el CIADI, en los Tribunales de Nueva York. Regalamos plata y soberan\u00eda\u201d.<\/p>\n<p>\u201cEse paquete fiscal est\u00e1 pensado para los sectores del Agronegocio, la Energ\u00eda (Petr\u00f3leo-Gas) y los minerales (Litio, Cobre, Potasio, Oro, Plata)\u201d, manifest\u00f3 y enfatiz\u00f3: \u201cEstamos a contramano del mundo y el Pacto Roca-Runciman -de la D\u00e9cada Infame- parece un chiste al lado de semejante entrega.\u201d.<\/p>\n<p>\u201cSi analizamos las herramientas pol\u00edticas fiscales de las econom\u00edas m\u00e1s importantes del mundo, como EE.UU, China, India, Brasil, Rusia, Corea del Sur, Espa\u00f1a, Italia, Gran Breta\u00f1a, Australia, o la India, por citar solo algunas, veremos el sesgo nacionalista y proteccionista ante la globalizaci\u00f3n, mientras que lo de Milei es un liberalismo tard\u00edo\u201d.<\/p>\n<p>\u201cCualquier gran inversi\u00f3n que se radica en un pa\u00eds debe tener como objetivo garantizar cinco dimensiones: crear empleo, traer divisas al pa\u00eds por las exportaciones, fortalecer el erario p\u00fablico a trav\u00e9s de los impuestos, desarrollar la ciencia y la t\u00e9cnica a trav\u00e9s de la transferencia de tecnolog\u00edas, y finalmente desarrollar una cadena de proveedores que fortalezcan el entramado pyme en bienes y servicios\u201d, declar\u00f3 luego.<\/p>\n<p>\u201cNigeria y Noruega tienen recursos naturales energ\u00e9ticos, el plan RIGI nos invita a ser Nigeria; el proyecto hist\u00f3rico del peronismo es utilizar el Estado para un modelo energ\u00e9tico como plantean los noruegos\u201d, acot\u00f3.<\/p>\n<p>\u201cFinalmente Senador Kueider, en nombre m\u00edo y de centenares de miles de entrerrianos\u00a0 que votamos Uni\u00f3n por la Patria, le pido que no abandone la doctrina Peronista en aras de un posicionamiento personal o de sector!\u201d.<\/p>\n","protected":false},"excerpt":{"rendered":"<p>El ex diputado provincial N\u00e9stor Loggio envi\u00f3 una carta abierta al senador nacional Edgardo Kueider en la que cuestiona su acompa\u00f1amiento a la Ley Bases. \u201cEl peronismo forma parte de un proyecto nacional que fue votado por el 45% del electorado nacional y que por lo tanto no fue votado para gobernar, sino para ser oposici\u00f3n\u201d, sostuvo. Asegur\u00f3 que el modelo de Milei \u201ces la ant\u00edtesis\u201d de los gobiernos de Per\u00f3n, N\u00e9stor y Cristina &nbsp; &nbsp; \u201cLeo en los medios de comunicaci\u00f3n que su voto va a ser de acompa\u00f1amiento&#8230;<\/p>\n","protected":false},"author":3,"featured_media":114269,"comment_status":"closed","ping_status":"closed","sticky":false,"template":"","format":"standard","meta":[],"categories":[15],"tags":[],"_links":{"self":[{"href":"https:\/\/www.actualidadadiario.com\/index.php\/wp-json\/wp\/v2\/posts\/114801"}],"collection":[{"href":"https:\/\/www.actualidadadiario.com\/index.php\/wp-json\/wp\/v2\/posts"}],"about":[{"href":"https:\/\/www.actualidadadiario.com\/index.php\/wp-json\/wp\/v2\/types\/post"}],"author":[{"embeddable":true,"href":"https:\/\/www.actualidadadiario.com\/index.php\/wp-json\/wp\/v2\/users\/3"}],"replies":[{"embeddable":true,"href":"https:\/\/www.actualidadadiario.com\/index.php\/wp-json\/wp\/v2\/comments?post=114801"}],"version-history":[{"count":1,"href":"https:\/\/www.actualidadadiario.com\/index.php\/wp-json\/wp\/v2\/posts\/114801\/revisions"}],"predecessor-version":[{"id":114802,"href":"https:\/\/www.actualidadadiario.com\/index.php\/wp-json\/wp\/v2\/posts\/114801\/revisions\/114802"}],"wp:featuredmedia":[{"embeddable":true,"href":"https:\/\/www.actualidadadiario.com\/index.php\/wp-json\/wp\/v2\/media\/114269"}],"wp:attachment":[{"href":"https:\/\/www.actualidadadiario.com\/index.php\/wp-json\/wp\/v2\/media?parent=114801"}],"wp:term":[{"taxonomy":"category","embeddable":true,"href":"https:\/\/www.actualidadadiario.com\/index.php\/wp-json\/wp\/v2\/categories?post=114801"},{"taxonomy":"post_tag","embeddable":true,"href":"https:\/\/www.actualidadadiario.com\/index.php\/wp-json\/wp\/v2\/tags?post=114801"}],"curies":[{"name":"wp","href":"https:\/\/api.w.org\/{rel}","templated":true}]}}