{"id":114794,"date":"2024-05-21T10:22:25","date_gmt":"2024-05-21T13:22:25","guid":{"rendered":"https:\/\/www.actualidadadiario.com\/?p=114794"},"modified":"2024-05-21T10:22:25","modified_gmt":"2024-05-21T13:22:25","slug":"dengue-en-la-ultima-semana-se-registraron-167-nuevos-infectados-en-entre-rios","status":"publish","type":"post","link":"https:\/\/www.actualidadadiario.com\/index.php\/2024\/05\/21\/dengue-en-la-ultima-semana-se-registraron-167-nuevos-infectados-en-entre-rios\/","title":{"rendered":"Dengue: en la \u00faltima semana se registraron 167 nuevos infectados en Entre R\u00edos"},"content":{"rendered":"<p style=\"text-align: center;\"><em><strong>Por octava semana consecutiva se observaron descensos en la cantidad de contagios luego del pico registrado a mediados de marzo\u00a0 y se espera que \u201ca fin de este mes o en junio se pueda llegar a cortar la transmisi\u00f3n\u201d, anticipo el director general de Epidemiolog\u00eda, Diego Garcilazo. En cuanto a los Departamentos, Federaci\u00f3n fue el que m\u00e1s present\u00f3 con 102 y Gualeguaych\u00fa con 88 casos qued\u00f3 en segundo lugar mientras que en Paran\u00e1 hubo 60 afectados nuevos<\/strong><\/em><\/p>\n<p>&nbsp;<\/p>\n<p>&nbsp;<\/p>\n<p>Como cada lunes, el Ministerio de Salud de Entre R\u00edos actualiz\u00f3 los datos epidemiol\u00f3gicos en torno al dengue. En los \u00faltimos siete d\u00edas se registraron 543 nuevos casos, de los cuales 167 tuvieron inicio de s\u00edntomas en la \u00faltima semana.<\/p>\n<p>En conferencia de prensa, el ministro de Salud, Guillermo Grieve, y el director general de Epidemiolog\u00eda, Diego Garcilazo, hicieron referencia a la situaci\u00f3n epidemiol\u00f3gica actual, al protocolo a emplear en las provincias del noroeste y noreste con altos n\u00fameros de casos de dengue y al desarrollo de la Campa\u00f1a de Infecciones Respiratorias Agudas Bajas (Irab).<\/p>\n<p>En ese sentido, Grieve indic\u00f3 que por octava semana consecutiva la provincia de Entre R\u00edos presenta descensos en la cantidad de contagios luego del pico registrado a mediados de marzo.<\/p>\n<p>En los \u00faltimos siete d\u00edas, los departamentos que reportaron mayor cantidad de casos fueron Federaci\u00f3n (102), Gualeguaych\u00fa (88), Uruguay (76), Concordia (63), Paran\u00e1 (60), Diamante (49) y La Paz (33).<\/p>\n<p>Garcilazo se\u00f1al\u00f3 que se espera que a fin de este mes o en junio se pueda llegar a cortar la transmisi\u00f3n, para lo cual es fundamental hacer el seguimiento y agreg\u00f3: &#8220;Tambi\u00e9n hay cambios en los protocolos, ya que nuevamente resulta importante hacer los diagn\u00f3sticos por laboratorio para confirmar los casos&#8221;.<\/p>\n<p>No obstante, el ministro remarc\u00f3 que es necesario continuar con las medidas de prevenci\u00f3n para que no haya dep\u00f3sitos de larvas y huevos durante el invierno, a fin de evitar el mismo fen\u00f3meno en octubre o noviembre.<\/p>\n<p>Cabe se\u00f1alar que la informaci\u00f3n actualizada con los datos correspondientes a la semana epidemiol\u00f3gica 20 (que va del 12 al 18 de mayo) puede consultarse en el monitor de casos de dengue, disponible en la p\u00e1gina web del Ministerio de Salud de Entre R\u00edos. Asimismo, en el per\u00edodo comprendido entre el 1 de agosto de 2023 y el 18 de mayo de 2024 la provincia registra un total acumulado de 20.270 casos notificados.<\/p>\n<p>Otro aspecto de relevancia es que en este lapso se realizaron 1.011 internaciones, de las cuales 15 se produjeron en la \u00faltima semana. Adem\u00e1s, 84 de estas internaciones requirieron ingreso en Unidades de Terapia Intensiva.<\/p>\n<p>&nbsp;<\/p>\n<p><strong>Vacuna contra el dengue<\/strong><\/p>\n<p>Las autoridades sanitarias participaron d\u00edas atr\u00e1s de un nuevo encuentro del Consejo Regional de Salud (Coresa) para abordar una posible campa\u00f1a de vacunaci\u00f3n contra el dengue en provincias del noreste y noroeste.<\/p>\n<p>&#8220;No hay una decisi\u00f3n tomada a\u00fan, y por ello vamos a tener otra reuni\u00f3n en junio. Es probable que se emplee un protocolo en las provincias del noreste y noroeste en poblaciones espec\u00edficas que superen los 4.200 casos por 100.000 habitantes para un plan de vacunaci\u00f3n que, eventualmente, se producir\u00eda entre julio y agosto&#8221;, manifest\u00f3 Garcilazo. Dicha vacuna consta de dos dosis y se aplica en personas de 15 a 39 a\u00f1os, seg\u00fan la definici\u00f3n de la Comisi\u00f3n Nacional de Inmunizaciones (Conain).<\/p>\n<p>&nbsp;<\/p>\n<p><strong>Enfermedades respiratorias<\/strong><\/p>\n<p>&#8220;El principal objetivo es que haya la mejor atenci\u00f3n, lo m\u00e1s r\u00e1pido posible y la menor cantidad de internaciones&#8221;, expres\u00f3 el ministro, quien se\u00f1al\u00f3 que tras el lanzamiento provincial de la Campa\u00f1a de Invierno 2024 en el mes de abril, se mantienen en pleno funcionamiento las 14 postas respiratorias, hasta el 31 de agosto.<\/p>\n<p>&#8220;Las postas est\u00e1n funcionando bien, y ya se evidencia la positividad de algunos virus, como el Sincicial Respiratorio, influenza y Covid-19. Por ello resulta fundamental la consulta temprana y contar con las vacunas al d\u00eda&#8221;, indic\u00f3 Garcilazo, al hacer referencia a que en esta \u00e9poca del a\u00f1o se evidencia un aumento de consultas por cuadros respiratorios.<\/p>\n<p>Si bien hay un incremento en las consultas externas, esto no ha impactado en el n\u00famero de internaciones. &#8220;Insistimos en que es primordial para prevenir las infecciones respiratorias la aplicaci\u00f3n de las vacunas contra la gripe, Covid-19 y la bronquiolitis para las embarazadas desde la semana 32 a 36&#8221;, cerr\u00f3 Grieve.<\/p>\n","protected":false},"excerpt":{"rendered":"<p>Por octava semana consecutiva se observaron descensos en la cantidad de contagios luego del pico registrado a mediados de marzo\u00a0 y se espera que \u201ca fin de este mes o en junio se pueda llegar a cortar la transmisi\u00f3n\u201d, anticipo el director general de Epidemiolog\u00eda, Diego Garcilazo. En cuanto a los Departamentos, Federaci\u00f3n fue el que m\u00e1s present\u00f3 con 102 y Gualeguaych\u00fa con 88 casos qued\u00f3 en segundo lugar mientras que en Paran\u00e1 hubo 60 afectados nuevos &nbsp; &nbsp; Como cada lunes, el Ministerio de Salud de Entre R\u00edos actualiz\u00f3&#8230;<\/p>\n","protected":false},"author":3,"featured_media":113704,"comment_status":"closed","ping_status":"closed","sticky":false,"template":"","format":"standard","meta":[],"categories":[15],"tags":[],"_links":{"self":[{"href":"https:\/\/www.actualidadadiario.com\/index.php\/wp-json\/wp\/v2\/posts\/114794"}],"collection":[{"href":"https:\/\/www.actualidadadiario.com\/index.php\/wp-json\/wp\/v2\/posts"}],"about":[{"href":"https:\/\/www.actualidadadiario.com\/index.php\/wp-json\/wp\/v2\/types\/post"}],"author":[{"embeddable":true,"href":"https:\/\/www.actualidadadiario.com\/index.php\/wp-json\/wp\/v2\/users\/3"}],"replies":[{"embeddable":true,"href":"https:\/\/www.actualidadadiario.com\/index.php\/wp-json\/wp\/v2\/comments?post=114794"}],"version-history":[{"count":1,"href":"https:\/\/www.actualidadadiario.com\/index.php\/wp-json\/wp\/v2\/posts\/114794\/revisions"}],"predecessor-version":[{"id":114795,"href":"https:\/\/www.actualidadadiario.com\/index.php\/wp-json\/wp\/v2\/posts\/114794\/revisions\/114795"}],"wp:featuredmedia":[{"embeddable":true,"href":"https:\/\/www.actualidadadiario.com\/index.php\/wp-json\/wp\/v2\/media\/113704"}],"wp:attachment":[{"href":"https:\/\/www.actualidadadiario.com\/index.php\/wp-json\/wp\/v2\/media?parent=114794"}],"wp:term":[{"taxonomy":"category","embeddable":true,"href":"https:\/\/www.actualidadadiario.com\/index.php\/wp-json\/wp\/v2\/categories?post=114794"},{"taxonomy":"post_tag","embeddable":true,"href":"https:\/\/www.actualidadadiario.com\/index.php\/wp-json\/wp\/v2\/tags?post=114794"}],"curies":[{"name":"wp","href":"https:\/\/api.w.org\/{rel}","templated":true}]}}