{"id":114782,"date":"2024-05-20T15:37:17","date_gmt":"2024-05-20T18:37:17","guid":{"rendered":"https:\/\/www.actualidadadiario.com\/?p=114782"},"modified":"2024-05-20T15:37:17","modified_gmt":"2024-05-20T18:37:17","slug":"piden-detener-al-premier-israeli-benjamin-netanyahu-por-crimenes-de-guerra-en-gaza","status":"publish","type":"post","link":"https:\/\/www.actualidadadiario.com\/index.php\/2024\/05\/20\/piden-detener-al-premier-israeli-benjamin-netanyahu-por-crimenes-de-guerra-en-gaza\/","title":{"rendered":"Piden detener al premier israel\u00ed Benjamin Netanyahu por cr\u00edmenes de guerra en Gaza"},"content":{"rendered":"<p style=\"text-align: center;\"><em><strong>El fiscal de la Corte Penal Internacional pidi\u00f3 la detenci\u00f3n del primer ministro de Israel, al acusarlo de cr\u00edmenes de guerra en la Franja de Gaza, en el marco del conflicto con la organizaci\u00f3n Ham\u00e1s, por los ataques a ciudadanos palestinos<\/strong><\/em><\/p>\n<p>&nbsp;<\/p>\n<p>&nbsp;<\/p>\n<p>El fiscal de la Corte Penal Internacional pidi\u00f3 la detenci\u00f3n del primer ministro de Israel, Benjamin Natanyahu, al acusarlo de cr\u00edmenes de guerra en la Franja de Gaza, en el marco del conflicto con la organizaci\u00f3n Ham\u00e1s, por los ataques a ciudadanos palestinos.<\/p>\n<p>\u201cSobre la base de las pruebas recopiladas y examinadas por mi Oficina, tengo motivos razonables para creer que Benjamin NETANYAHU, el Primer Ministro de Israel, y Yoav GALLANT, el Ministro de Defensa de Israel, tienen responsabilidad penal por los siguientes cr\u00edmenes de guerra y cr\u00edmenes: contra la humanidad cometidos en el territorio del Estado de Palestina (en la franja de Gaza) desde al menos el 8 de octubre de 2023:<\/p>\n<p>&#8211; Hacer morir de hambre a civiles como m\u00e9todo de guerra como crimen de guerra contrario al art\u00edculo 8(2)( b) (xxv) del Estatuto;<\/p>\n<p>&nbsp;<\/p>\n<p>&#8211; Causar intencionalmente grandes sufrimientos o da\u00f1os graves a la integridad f\u00edsica o la salud en contravenci\u00f3n del art\u00edculo 8(2)( a) (iii), o tratos crueles como crimen de guerra en contravenci\u00f3n del art\u00edculo 8(2)(c)( i);<\/p>\n<p>&nbsp;<\/p>\n<p>&#8211; Homicidio intencional en contravenci\u00f3n del art\u00edculo 8(2)( a)(i), o Asesinato como crimen de guerra en contravenci\u00f3n del art\u00edculo 8(2)(c)( i);<\/p>\n<p>&nbsp;<\/p>\n<p>&#8211; Dirigir intencionalmente ataques contra una poblaci\u00f3n civil como crimen de guerra en contravenci\u00f3n de los art\u00edculos 8(2)( b)(i), o 8(2)( e)(i);<\/p>\n<p>&nbsp;<\/p>\n<p>&#8211; Exterminio y\/o asesinato contrario a los art\u00edculos 7 (1)( b) y 7(1)( a), incluso en el contexto de muertes causadas por hambre, como crimen contra la humanidad;<\/p>\n<p>&nbsp;<\/p>\n<p>&#8211; Persecuci\u00f3n como crimen de lesa humanidad contrario al art\u00edculo 7 (1)( h);<\/p>\n<p>&nbsp;<\/p>\n<p>&#8211; Otros actos inhumanos como cr\u00edmenes de lesa humanidad contrarios al art\u00edculo 7 (1)( k)<\/p>\n","protected":false},"excerpt":{"rendered":"<p>El fiscal de la Corte Penal Internacional pidi\u00f3 la detenci\u00f3n del primer ministro de Israel, al acusarlo de cr\u00edmenes de guerra en la Franja de Gaza, en el marco del conflicto con la organizaci\u00f3n Ham\u00e1s, por los ataques a ciudadanos palestinos &nbsp; &nbsp; El fiscal de la Corte Penal Internacional pidi\u00f3 la detenci\u00f3n del primer ministro de Israel, Benjamin Natanyahu, al acusarlo de cr\u00edmenes de guerra en la Franja de Gaza, en el marco del conflicto con la organizaci\u00f3n Ham\u00e1s, por los ataques a ciudadanos palestinos. \u201cSobre la base de&#8230;<\/p>\n","protected":false},"author":3,"featured_media":114783,"comment_status":"closed","ping_status":"closed","sticky":false,"template":"","format":"standard","meta":[],"categories":[4],"tags":[],"_links":{"self":[{"href":"https:\/\/www.actualidadadiario.com\/index.php\/wp-json\/wp\/v2\/posts\/114782"}],"collection":[{"href":"https:\/\/www.actualidadadiario.com\/index.php\/wp-json\/wp\/v2\/posts"}],"about":[{"href":"https:\/\/www.actualidadadiario.com\/index.php\/wp-json\/wp\/v2\/types\/post"}],"author":[{"embeddable":true,"href":"https:\/\/www.actualidadadiario.com\/index.php\/wp-json\/wp\/v2\/users\/3"}],"replies":[{"embeddable":true,"href":"https:\/\/www.actualidadadiario.com\/index.php\/wp-json\/wp\/v2\/comments?post=114782"}],"version-history":[{"count":1,"href":"https:\/\/www.actualidadadiario.com\/index.php\/wp-json\/wp\/v2\/posts\/114782\/revisions"}],"predecessor-version":[{"id":114784,"href":"https:\/\/www.actualidadadiario.com\/index.php\/wp-json\/wp\/v2\/posts\/114782\/revisions\/114784"}],"wp:featuredmedia":[{"embeddable":true,"href":"https:\/\/www.actualidadadiario.com\/index.php\/wp-json\/wp\/v2\/media\/114783"}],"wp:attachment":[{"href":"https:\/\/www.actualidadadiario.com\/index.php\/wp-json\/wp\/v2\/media?parent=114782"}],"wp:term":[{"taxonomy":"category","embeddable":true,"href":"https:\/\/www.actualidadadiario.com\/index.php\/wp-json\/wp\/v2\/categories?post=114782"},{"taxonomy":"post_tag","embeddable":true,"href":"https:\/\/www.actualidadadiario.com\/index.php\/wp-json\/wp\/v2\/tags?post=114782"}],"curies":[{"name":"wp","href":"https:\/\/api.w.org\/{rel}","templated":true}]}}