{"id":114770,"date":"2024-05-20T15:09:30","date_gmt":"2024-05-20T18:09:30","guid":{"rendered":"https:\/\/www.actualidadadiario.com\/?p=114770"},"modified":"2024-05-20T15:09:30","modified_gmt":"2024-05-20T18:09:30","slug":"maxima-tension-en-misiones-se-sumaron-docentes-y-medicos-a-las-protestas-de-la-policia","status":"publish","type":"post","link":"https:\/\/www.actualidadadiario.com\/index.php\/2024\/05\/20\/maxima-tension-en-misiones-se-sumaron-docentes-y-medicos-a-las-protestas-de-la-policia\/","title":{"rendered":"M\u00e1xima tensi\u00f3n en Misiones: se sumaron docentes y m\u00e9dicos a las protestas de la polic\u00eda"},"content":{"rendered":"<p style=\"text-align: center;\"><em><strong>Seg\u00fan explic\u00f3 el vocero de los manifestantes y suboficial retirado, Ram\u00f3n Amarilla, la propuesta \u201cno se acerca a lo que nosotros pretendemos\u201d. Los delegados no aceptar\u00e1n una recomposici\u00f3n menor al 70%<\/strong><\/em><\/p>\n<p>&nbsp;<\/p>\n<p>&nbsp;<\/p>\n<p>El reclamo de la polic\u00eda en Misiones lleg\u00f3 al cuarto d\u00eda de reclamos. A las protestas de la fuerza de seguridad, se sumaron se sumaron docentes y trabajadores de la salud. En tanto, este lunes contin\u00faan las conversaciones para lograr un acuerdo en la mejora salarial.<\/p>\n<p>Este domingo, mientras se desarrollaba una reuni\u00f3n en la sede de Jefatura, el ministro Coordinador del Gabinete, Ricardo Llera, present\u00f3 la oferta salarial con un incremento del 15% pero luego de haber sido rechazado y no lograr un acuerdo, se pas\u00f3 a un cuarto intermedio.<\/p>\n<p>Seg\u00fan explic\u00f3 el vocero de los manifestantes y suboficial retirado, Ram\u00f3n Amarilla, la propuesta \u201cno se acerca a lo que nosotros pretendemos\u201d. Los delegados no aceptar\u00e1n una recomposici\u00f3n menor al 70%.<\/p>\n<p>Durante la \u00faltima jornada, los manifestantes vivieron momento de tensi\u00f3n y agresiones que termin\u00f3 con insultos y empujones en la calle cuando se llevaba a cabo el encuentro. Este lunes los polic\u00edas contin\u00faan acampando como forma de protesta y mantienen su postura de no aceptar cualquier propuesta que consideren insuficiente.<\/p>\n<p>\u201cEl sueldo de los activos es de $400 mil y un poco m\u00e1s y con esa plata no viv\u00eds. Lo que ofrece el Gobierno es demasiado poco porque est\u00e1 debajo de los n\u00fameros de indigencia\u201d, relat\u00f3 un suboficial retirado en C5N.<\/p>\n<p>&nbsp;<\/p>\n<p><strong>Siguen las protestas del personal de salud y docentes en Misiones<\/strong><\/p>\n<p>En medio de las protestas que realizaron los polic\u00edas en Comando Radioel\u00e9ctrico I, tambi\u00e9n se sumaron los docentes quienes tambi\u00e9n reclaman una mejora salarial.<\/p>\n<p>En ese sentido, un representante del gobierno de Misiones concretar\u00e1 una nueva reuni\u00f3n con los integrantes de los gremios docentes con el fin de presentarles la nueva oferta salarial tal como lo anunci\u00f3 la semana pasada el ministro de Educaci\u00f3n, Ramiro Aranda.<\/p>\n<p>Los docentes exigen un aumento casi del 100% ya que un maestro de grado percibe tan solo $240 mil mensuales, con un solo turno. \u201cEsta es la tercera semana de paro ininterrumpido. La situaci\u00f3n es deplorable, la situaci\u00f3n salarial es muy cr\u00edtica donde no se llega a completar ni lo m\u00e1s m\u00ednimo de la canasta b\u00e1sica\u201d, explic\u00f3 un docente en di\u00e1logo con C5N.<\/p>\n<p>Por otro lado, una maestra de grado, Vanesa, relat\u00f3 que \u201ccon m\u00e1s de 10 a\u00f1os de antig\u00fcedad no llego a los $300 mil\u201d. \u201cNo tengo otro ingreso, y adem\u00e1s es muy dif\u00edcil de conseguir un doble turno\u201d, agreg\u00f3.<\/p>\n<p>\u201cNo nos alcanza el sueldo. Todos los docentes tenemos que tener un trabajo extra para poder llegar a fin de mes. Pero esta lucha no es de hace tres d\u00edas, sino que desde antes de enero. Desde noviembre que no tenemos un aumento significativo, el Gobierno se jact\u00f3 de que va por el tercer aumento y con eso reci\u00e9n llega a 208 mil pesos, es una verg\u00fcenza\u201d, se\u00f1al\u00f3 otra maestra.<\/p>\n<p>A las protestas en Misiones, tambi\u00e9n est\u00e1n presentes los trabajadores de la Salud P\u00fablica que aguardan anuncios que podr\u00edan concretarse en la jornada de este martes, seg\u00fan detall\u00f3 el medio provincial misionesonline.net.<\/p>\n<p>\u201cMi sueldo ahora, con 31 a\u00f1os de servicio, est\u00e1 en $350 mil, una miseria. Con los gastos de servicios, no te alcanza para vivir\u201d, manifest\u00f3 un empleado de la salud en C5N.<\/p>\n","protected":false},"excerpt":{"rendered":"<p>Seg\u00fan explic\u00f3 el vocero de los manifestantes y suboficial retirado, Ram\u00f3n Amarilla, la propuesta \u201cno se acerca a lo que nosotros pretendemos\u201d. Los delegados no aceptar\u00e1n una recomposici\u00f3n menor al 70% &nbsp; &nbsp; El reclamo de la polic\u00eda en Misiones lleg\u00f3 al cuarto d\u00eda de reclamos. A las protestas de la fuerza de seguridad, se sumaron se sumaron docentes y trabajadores de la salud. En tanto, este lunes contin\u00faan las conversaciones para lograr un acuerdo en la mejora salarial. Este domingo, mientras se desarrollaba una reuni\u00f3n en la sede de&#8230;<\/p>\n","protected":false},"author":3,"featured_media":114771,"comment_status":"closed","ping_status":"closed","sticky":false,"template":"","format":"standard","meta":[],"categories":[18],"tags":[],"_links":{"self":[{"href":"https:\/\/www.actualidadadiario.com\/index.php\/wp-json\/wp\/v2\/posts\/114770"}],"collection":[{"href":"https:\/\/www.actualidadadiario.com\/index.php\/wp-json\/wp\/v2\/posts"}],"about":[{"href":"https:\/\/www.actualidadadiario.com\/index.php\/wp-json\/wp\/v2\/types\/post"}],"author":[{"embeddable":true,"href":"https:\/\/www.actualidadadiario.com\/index.php\/wp-json\/wp\/v2\/users\/3"}],"replies":[{"embeddable":true,"href":"https:\/\/www.actualidadadiario.com\/index.php\/wp-json\/wp\/v2\/comments?post=114770"}],"version-history":[{"count":1,"href":"https:\/\/www.actualidadadiario.com\/index.php\/wp-json\/wp\/v2\/posts\/114770\/revisions"}],"predecessor-version":[{"id":114772,"href":"https:\/\/www.actualidadadiario.com\/index.php\/wp-json\/wp\/v2\/posts\/114770\/revisions\/114772"}],"wp:featuredmedia":[{"embeddable":true,"href":"https:\/\/www.actualidadadiario.com\/index.php\/wp-json\/wp\/v2\/media\/114771"}],"wp:attachment":[{"href":"https:\/\/www.actualidadadiario.com\/index.php\/wp-json\/wp\/v2\/media?parent=114770"}],"wp:term":[{"taxonomy":"category","embeddable":true,"href":"https:\/\/www.actualidadadiario.com\/index.php\/wp-json\/wp\/v2\/categories?post=114770"},{"taxonomy":"post_tag","embeddable":true,"href":"https:\/\/www.actualidadadiario.com\/index.php\/wp-json\/wp\/v2\/tags?post=114770"}],"curies":[{"name":"wp","href":"https:\/\/api.w.org\/{rel}","templated":true}]}}