{"id":114767,"date":"2024-05-20T15:08:29","date_gmt":"2024-05-20T18:08:29","guid":{"rendered":"https:\/\/www.actualidadadiario.com\/?p=114767"},"modified":"2024-05-20T15:08:29","modified_gmt":"2024-05-20T18:08:29","slug":"maximiliano-pullaro-cruzo-al-gobierno-y-denuncio-discriminacion-en-los-subsidios-al-transporte","status":"publish","type":"post","link":"https:\/\/www.actualidadadiario.com\/index.php\/2024\/05\/20\/maximiliano-pullaro-cruzo-al-gobierno-y-denuncio-discriminacion-en-los-subsidios-al-transporte\/","title":{"rendered":"Maximiliano Pullaro cruz\u00f3 al Gobierno y denunci\u00f3 &#8220;discriminaci\u00f3n&#8221; en los subsidios al transporte"},"content":{"rendered":"<p style=\"text-align: center;\"><em><strong>Lo hizo luego de que la Casa Rosada decidiera sostener el precio del boleto en el AMBA. &#8220;Es un error incomprensible&#8221;, protest\u00f3 el gobernador de Santa Fe<\/strong><\/em><\/p>\n<p>&nbsp;<\/p>\n<p>&nbsp;<\/p>\n<p>Mientras el Pacto de Mayo se diluye en forma vertiginosa, la pelea entre las provincias y la Naci\u00f3n vuelve a ganar calor. En esta ocasi\u00f3n, la decisi\u00f3n del Gobierno de aumentar los subsidios al transporte en el \u00c1rea Metropolitana de Buenos Aires (AMBA) gener\u00f3 irritaci\u00f3n en las provincias.<\/p>\n<p>Cabe destacar que, como parte de su plan motosierra, la administraci\u00f3n libertaria disolvi\u00f3 el Fondo Compensador del Interior, que se encargaba de mantener los boletos del transporte urbano en precios equilibrados. Esto gener\u00f3 gran malestar en los distritos, en especial en ciudades de peso como C\u00f3rdoba, Mendoza y Rosario.<\/p>\n<p>&nbsp;<\/p>\n<p><strong>Maximiliano Pullaro denunci\u00f3 &#8220;discriminaci\u00f3n&#8221; por los subsidios al transporte<\/strong><\/p>\n<p>Este lunes, el gobernador de Santa Fe, Maximiliano Pullaro, reaviv\u00f3 las cr\u00edticas a la Casa Rosada y denunci\u00f3 discriminaci\u00f3n &#8220;respecto al env\u00edo del subsidio compuesto por un fondo que sostenemos entre todos&#8221;.<\/p>\n<p>&#8220;Es un error incomprensible del gobierno nacional que repite el esquema del gobierno de Alberto Fern\u00e1ndez y Cristina Kirchner. Lo digo con respeto y con claridad, no queremos una ayuda, reclamamos una parte \u00ednfima de lo que aportamos&#8221;, protest\u00f3 en X el mandatario radical.<\/p>\n<p>Al respecto, Pullaro explic\u00f3 que &#8220;si esos recursos de los santafesinos fueran a nuestro sistema de transporte, el boleto ser\u00eda pr\u00e1cticamente gratuito&#8221;.<\/p>\n<p>&#8220;Como gobernador de todos los santafesinos inici\u00e9 contactos para que se escuche un reclamo que es justo y que es una medida que solo mira el AMBA y sus necesidades&#8221;, complet\u00f3.<\/p>\n<p>Siguiendo esa misma senda, el gobernador de La Rioja, Ricardo Quintela, dijo que &#8220;una vez m\u00e1s, el gobierno nacional toma una decisi\u00f3n que va en contra de la mayor\u00eda de los argentinos y argentinas&#8221;.<\/p>\n<p>En ese sentido, el cacique peronista sostuvo que &#8220;hoy vuelven a dejar en claro que solo gobiernan para unos pocos, que no ejercen el federalismo y que toman medidas en contra del pueblo&#8221;.<\/p>\n<p>&#8220;No estamos en contra de los ciudadanos y ciudadanas del AMBA; rechazamos en\u00e9rgicamente estas pol\u00edticas discriminatorias y antifederales&#8221;, indic\u00f3.<\/p>\n<p>&nbsp;<\/p>\n<p><strong>Dardos de Gerardo Zamora<\/strong><\/p>\n<p>Lo propio hizo el santiague\u00f1o Gerardo Zamora, quien acus\u00f3 al Gobierno de &#8220;burlarse del resto del pa\u00eds&#8221; por &#8220;eliminar los subsidios al transporte del interior y dejarlos solo para el \u00c1rea Metropolitana de Bs As&#8221;.<\/p>\n<p>&#8220;Con los recursos de todos los argentinos, solo los porte\u00f1os pagan el boleto m\u00e1s barato. La idea es destruir definitivamente el federalismo, las provincias y el bolsillo de sus habitantes? Sin federalismo no hay pa\u00eds!!&#8221;, dispar\u00f3.<\/p>\n<p>Los dardos de Zamora, en particular, son alarmantes para la Casa Rosada, ya que los tres senadores de su provincia responden a su jefatura, un mal augurio para la tan postergada ley Bases.<\/p>\n<p>Antes de que el proyecto obtuviera media sanci\u00f3n en Diputados, el ministro del Interior, Guillermo Francos, se hab\u00eda reunido con el jefe provincial en Santiago del Estero. En el oficialismo esperaban seducirlo como parte del plan para partir al peronismo y granjearse votos ajenos.<\/p>\n<p>Sin embargo, no sali\u00f3 del todo bien. Lo siete diputados santiague\u00f1os votaron en contra tanto en particular como en general. Todav\u00eda resta saber qu\u00e9 pasar\u00e1 en la C\u00e1mara alta.<\/p>\n","protected":false},"excerpt":{"rendered":"<p>Lo hizo luego de que la Casa Rosada decidiera sostener el precio del boleto en el AMBA. &#8220;Es un error incomprensible&#8221;, protest\u00f3 el gobernador de Santa Fe &nbsp; &nbsp; Mientras el Pacto de Mayo se diluye en forma vertiginosa, la pelea entre las provincias y la Naci\u00f3n vuelve a ganar calor. En esta ocasi\u00f3n, la decisi\u00f3n del Gobierno de aumentar los subsidios al transporte en el \u00c1rea Metropolitana de Buenos Aires (AMBA) gener\u00f3 irritaci\u00f3n en las provincias. Cabe destacar que, como parte de su plan motosierra, la administraci\u00f3n libertaria disolvi\u00f3&#8230;<\/p>\n","protected":false},"author":3,"featured_media":114768,"comment_status":"closed","ping_status":"closed","sticky":false,"template":"","format":"standard","meta":[],"categories":[18],"tags":[],"_links":{"self":[{"href":"https:\/\/www.actualidadadiario.com\/index.php\/wp-json\/wp\/v2\/posts\/114767"}],"collection":[{"href":"https:\/\/www.actualidadadiario.com\/index.php\/wp-json\/wp\/v2\/posts"}],"about":[{"href":"https:\/\/www.actualidadadiario.com\/index.php\/wp-json\/wp\/v2\/types\/post"}],"author":[{"embeddable":true,"href":"https:\/\/www.actualidadadiario.com\/index.php\/wp-json\/wp\/v2\/users\/3"}],"replies":[{"embeddable":true,"href":"https:\/\/www.actualidadadiario.com\/index.php\/wp-json\/wp\/v2\/comments?post=114767"}],"version-history":[{"count":1,"href":"https:\/\/www.actualidadadiario.com\/index.php\/wp-json\/wp\/v2\/posts\/114767\/revisions"}],"predecessor-version":[{"id":114769,"href":"https:\/\/www.actualidadadiario.com\/index.php\/wp-json\/wp\/v2\/posts\/114767\/revisions\/114769"}],"wp:featuredmedia":[{"embeddable":true,"href":"https:\/\/www.actualidadadiario.com\/index.php\/wp-json\/wp\/v2\/media\/114768"}],"wp:attachment":[{"href":"https:\/\/www.actualidadadiario.com\/index.php\/wp-json\/wp\/v2\/media?parent=114767"}],"wp:term":[{"taxonomy":"category","embeddable":true,"href":"https:\/\/www.actualidadadiario.com\/index.php\/wp-json\/wp\/v2\/categories?post=114767"},{"taxonomy":"post_tag","embeddable":true,"href":"https:\/\/www.actualidadadiario.com\/index.php\/wp-json\/wp\/v2\/tags?post=114767"}],"curies":[{"name":"wp","href":"https:\/\/api.w.org\/{rel}","templated":true}]}}