{"id":114765,"date":"2024-05-20T15:07:11","date_gmt":"2024-05-20T18:07:11","guid":{"rendered":"https:\/\/www.actualidadadiario.com\/?p=114765"},"modified":"2024-05-20T15:07:11","modified_gmt":"2024-05-20T18:07:11","slug":"adorni-tras-la-advertencia-del-gobierno-espanol-no-nos-preocupa-la-reaccion-diplomatica","status":"publish","type":"post","link":"https:\/\/www.actualidadadiario.com\/index.php\/2024\/05\/20\/adorni-tras-la-advertencia-del-gobierno-espanol-no-nos-preocupa-la-reaccion-diplomatica\/","title":{"rendered":"Adorni, tras la advertencia del Gobierno espa\u00f1ol: &#8220;No nos preocupa la reacci\u00f3n diplom\u00e1tica&#8221;"},"content":{"rendered":"<p style=\"text-align: center;\"><em><strong>El vocero presidencial asegur\u00f3 que &#8220;no hay raz\u00f3n para que haya&#8221; una respuesta tras el conflicto que se desencaden\u00f3 luego de los dichos de Milei en Espa\u00f1a<\/strong><\/em><\/p>\n<p>&nbsp;<\/p>\n<p>&nbsp;<\/p>\n<p>El vocero presidencial, Manuel Adorni, se\u00f1al\u00f3 que al Gobierno no le preocupa que haya una \u201creacci\u00f3n diplom\u00e1tica\u201d de la administraci\u00f3n de Pedro S\u00e1nchez tras el conflicto abierto luego de los dichos del presidente Javier Milei.<\/p>\n<p>\u201cNo nos preocupa la reacci\u00f3n diplom\u00e1tica porque no hay raz\u00f3n para que la haya. Ser\u00eda irracional que ocurra\u201d, expres\u00f3 el funcionario en la habitual conferencia de prensa luego de que desde la administraci\u00f3n espa\u00f1ola prometieran \u201crespuestas\u201d de no haber pedido de disculpas.<\/p>\n<p>En la misma l\u00ednea, indic\u00f3 que \u201csi el Presidente o los funcionarios espa\u00f1oles se quieren hacer cargo no es un problema de nuestra Rep\u00fablica&#8221;. &#8220;Al que le quepa el sayo que se lo ponga&#8221;, subray\u00f3.<\/p>\n<p>Para Adorni, el mandatario \u201cno hizo menci\u00f3n a nadie en particular\u201d durante su discurso en Europa Viva 2024, acto de Vox en Madrid, en el que acus\u00f3 de \u201ccorrupta\u201d a Bego\u00f1a G\u00f3mez, esposa de Pedro S\u00e1nchez.<\/p>\n<p>\u201cRespecto a las llamativas e impulsivas amenazas del Ministro de Asuntos Exteriores del Reino de Espa\u00f1a, aclararles que no entendemos el motivo de su resquemor\u201d, alert\u00f3 Adorni, y a\u00f1adi\u00f3: \u201dLlama poderosamente la atenci\u00f3n que se pongan en tensi\u00f3n las relaciones entre dos pa\u00edses hist\u00f3ricamente hermanados por una decisi\u00f3n poco meditada&#8221;.<\/p>\n<p>Asimismo, reafirm\u00f3: &#8220;Confiamos en que, superadas las instancias electorales en Europa, podamos reconducir las relaciones\u201d.<\/p>\n<p>&#8220;El Gobierno argentino insta a que los funcionarios del Reino de Espa\u00f1a pidan disculpas por los agravios que se le endilgaron al presidente Milei, entre ellos el de consumir sustancias, el de ser un gobierno del odio, un ejemplo de negacionismo y el de atentar contra la democracia\u201d, remarc\u00f3.<\/p>\n<p>El funcionario descart\u00f3 comunicaci\u00f3n con S\u00e1nchez al tiempo que aclar\u00f3 que Milei \u201cjam\u00e1s pondr\u00eda en riesgo ninguna relaci\u00f3n diplom\u00e1tica con ning\u00fan pa\u00eds\u201d, e insisti\u00f3 en que los entredichos &#8220;nada tienen que ver con la relaci\u00f3n diplom\u00e1tica&#8221;.<\/p>\n<p>&#8220;Ser\u00edamos muy gustosos de que proporcionalmente le hagan el planteo a S\u00e1nchez de todas las barbaridades que han dicho sus ministros y \u00e9l mismo y de los errores que han cometido en materia de involucrarse en la pol\u00edtica interna de otros pa\u00edses\u201d, concluy\u00f3.<\/p>\n","protected":false},"excerpt":{"rendered":"<p>El vocero presidencial asegur\u00f3 que &#8220;no hay raz\u00f3n para que haya&#8221; una respuesta tras el conflicto que se desencaden\u00f3 luego de los dichos de Milei en Espa\u00f1a &nbsp; &nbsp; El vocero presidencial, Manuel Adorni, se\u00f1al\u00f3 que al Gobierno no le preocupa que haya una \u201creacci\u00f3n diplom\u00e1tica\u201d de la administraci\u00f3n de Pedro S\u00e1nchez tras el conflicto abierto luego de los dichos del presidente Javier Milei. \u201cNo nos preocupa la reacci\u00f3n diplom\u00e1tica porque no hay raz\u00f3n para que la haya. Ser\u00eda irracional que ocurra\u201d, expres\u00f3 el funcionario en la habitual conferencia de&#8230;<\/p>\n","protected":false},"author":3,"featured_media":113414,"comment_status":"closed","ping_status":"closed","sticky":false,"template":"","format":"standard","meta":[],"categories":[18],"tags":[],"_links":{"self":[{"href":"https:\/\/www.actualidadadiario.com\/index.php\/wp-json\/wp\/v2\/posts\/114765"}],"collection":[{"href":"https:\/\/www.actualidadadiario.com\/index.php\/wp-json\/wp\/v2\/posts"}],"about":[{"href":"https:\/\/www.actualidadadiario.com\/index.php\/wp-json\/wp\/v2\/types\/post"}],"author":[{"embeddable":true,"href":"https:\/\/www.actualidadadiario.com\/index.php\/wp-json\/wp\/v2\/users\/3"}],"replies":[{"embeddable":true,"href":"https:\/\/www.actualidadadiario.com\/index.php\/wp-json\/wp\/v2\/comments?post=114765"}],"version-history":[{"count":1,"href":"https:\/\/www.actualidadadiario.com\/index.php\/wp-json\/wp\/v2\/posts\/114765\/revisions"}],"predecessor-version":[{"id":114766,"href":"https:\/\/www.actualidadadiario.com\/index.php\/wp-json\/wp\/v2\/posts\/114765\/revisions\/114766"}],"wp:featuredmedia":[{"embeddable":true,"href":"https:\/\/www.actualidadadiario.com\/index.php\/wp-json\/wp\/v2\/media\/113414"}],"wp:attachment":[{"href":"https:\/\/www.actualidadadiario.com\/index.php\/wp-json\/wp\/v2\/media?parent=114765"}],"wp:term":[{"taxonomy":"category","embeddable":true,"href":"https:\/\/www.actualidadadiario.com\/index.php\/wp-json\/wp\/v2\/categories?post=114765"},{"taxonomy":"post_tag","embeddable":true,"href":"https:\/\/www.actualidadadiario.com\/index.php\/wp-json\/wp\/v2\/tags?post=114765"}],"curies":[{"name":"wp","href":"https:\/\/api.w.org\/{rel}","templated":true}]}}