{"id":114762,"date":"2024-05-20T15:06:31","date_gmt":"2024-05-20T18:06:31","guid":{"rendered":"https:\/\/www.actualidadadiario.com\/?p=114762"},"modified":"2024-05-20T15:06:31","modified_gmt":"2024-05-20T18:06:31","slug":"diputados-citan-a-diana-mondino-para-que-explique-los-viajes-de-milei-al-exterior","status":"publish","type":"post","link":"https:\/\/www.actualidadadiario.com\/index.php\/2024\/05\/20\/diputados-citan-a-diana-mondino-para-que-explique-los-viajes-de-milei-al-exterior\/","title":{"rendered":"Diputados citan a Diana Mondino para que explique los viajes de Milei al exterior"},"content":{"rendered":"<p style=\"text-align: center;\"><em><strong>Cuestionan las declaraciones del presidente contra el gobierno de Espa\u00f1a, la realizaci\u00f3n del viaje personal con fondos p\u00fablicos y las declaraciones xen\u00f3fobas de la canciller<\/strong><\/em><\/p>\n<p>&nbsp;<\/p>\n<p>&nbsp;<\/p>\n<p>Los diputados del Partido Socialista, Esteban Paul\u00f3n y M\u00f3nica Fein, presentaron un proyecto de resoluci\u00f3n para citar a la canciller argentina, Diana Mondino, a que de explicaciones sobre el conflicto diplom\u00e1tico con Espa\u00f1a luego de que el presidente Javier Milei llamara &#8220;corrupta&#8221; a la esposa de Pedro S\u00e1nchez.<\/p>\n<p>Los legisladores exhortaron a la ministra de Relaciones Exteriores, Comercio Internacional y Culto a que se presente en Diputados conforme a lo establecido por el Art\u00edculo 204 del Reglamento de la C\u00e1mara y en virtud de lo se\u00f1alado en el Art\u00edculo 71 de la Constituci\u00f3n Nacional.<\/p>\n<p>&#8220;Preocupan la suspensi\u00f3n virtual de relaciones diplom\u00e1ticas con Espa\u00f1a, el viaje personal con fondos p\u00fablicos del Secretario de Culto a VOX y las declaraciones xen\u00f3fobas de Mondino. La Canciller debe dar explicaciones&#8221;, se\u00f1al\u00f3 Paul\u00f3n a trav\u00e9s de su cuenta de la red social &#8220;X&#8221;.<\/p>\n<p>Por ese motivo, el proyecto pide que Mondino d\u00e9 explicaciones sobre &#8220;el estado del v\u00ednculo diplom\u00e1tico entre la Rep\u00fablica Argentina y el Reino de Espa\u00f1a, as\u00ed como con la Uni\u00f3n Europea&#8221; luego de las &#8220;expresiones agraviantes del Presidente Javier Milei contra el Presidente del Gobierno y el pueblo del Reino de Espa\u00f1a&#8221;, en el marco del viaje personal del mandatario argentino a la cumbre del partido de extrema derecha espa\u00f1ola VOX.<\/p>\n<p>En las \u00faltimas horas, durante la clausura del evento partidario, Milei tild\u00f3 de \u201ccorrupta\u201d a la mujer del presidente espa\u00f1ol Pedro S\u00e1nchez, en relaci\u00f3n a la investigaci\u00f3n judicial contra Bego\u00f1a G\u00f3mez por supuesto tr\u00e1fico de influencias. \u201cQu\u00e9 cala\u00f1a de gente atornillada al poder. Aun cuando tenga la mujer corrupta, se ensucia y se toma cinco d\u00edas para pensarlo\u201d, manifest\u00f3 Milei en su discurso esta ma\u00f1ana, donde calific\u00f3 al socialismo como \u201cmaldito y cancer\u00edgeno\u201d.<\/p>\n<p>Ante ello, el gobierno espa\u00f1ol decidi\u00f3 intervenir y llamar a consultas a la embajadora en Buenos Aires al afirmar que las palabras del argentino habr\u00edan llevado \u201clas relaciones entre Espa\u00f1a y Argentina a su momento m\u00e1s grave hasta el momento\u201d, seg\u00fan el canciller espa\u00f1ol.<\/p>\n<p>Adem\u00e1s, Paul\u00f3n y Fein reclaman a Mondino que explique &#8220;el car\u00e1cter del viaje a Espa\u00f1a en el mes de mayo por parte del Secretario de Culto, Tec. Francisco S\u00e1nchez, en el marco del cual expres\u00f3 su rechazo a las leyes de divorcio vincular, matrimonio igualitario y la interrupci\u00f3n legal del embarazo (toda legislaci\u00f3n vigente en el pa\u00eds.) Asimismo s\u00edrvase detallar los fondos destinados por la cartera a su cargo para solventarlo&#8221;.<\/p>\n<p>Por \u00faltimo, tambi\u00e9n le pidieron que se presente para explicar las expresiones &#8220;con contenido xen\u00f3fobo&#8221; vertidas semanas atr\u00e1s por la propia Mondino en una entrevista luego de su viaje a China &#8220;en las cuales se refiri\u00f3 de manera despectiva a la poblaci\u00f3n de ese pa\u00eds&#8221;.<\/p>\n","protected":false},"excerpt":{"rendered":"<p>Cuestionan las declaraciones del presidente contra el gobierno de Espa\u00f1a, la realizaci\u00f3n del viaje personal con fondos p\u00fablicos y las declaraciones xen\u00f3fobas de la canciller &nbsp; &nbsp; Los diputados del Partido Socialista, Esteban Paul\u00f3n y M\u00f3nica Fein, presentaron un proyecto de resoluci\u00f3n para citar a la canciller argentina, Diana Mondino, a que de explicaciones sobre el conflicto diplom\u00e1tico con Espa\u00f1a luego de que el presidente Javier Milei llamara &#8220;corrupta&#8221; a la esposa de Pedro S\u00e1nchez. Los legisladores exhortaron a la ministra de Relaciones Exteriores, Comercio Internacional y Culto a que&#8230;<\/p>\n","protected":false},"author":3,"featured_media":114763,"comment_status":"closed","ping_status":"closed","sticky":false,"template":"","format":"standard","meta":[],"categories":[18],"tags":[],"_links":{"self":[{"href":"https:\/\/www.actualidadadiario.com\/index.php\/wp-json\/wp\/v2\/posts\/114762"}],"collection":[{"href":"https:\/\/www.actualidadadiario.com\/index.php\/wp-json\/wp\/v2\/posts"}],"about":[{"href":"https:\/\/www.actualidadadiario.com\/index.php\/wp-json\/wp\/v2\/types\/post"}],"author":[{"embeddable":true,"href":"https:\/\/www.actualidadadiario.com\/index.php\/wp-json\/wp\/v2\/users\/3"}],"replies":[{"embeddable":true,"href":"https:\/\/www.actualidadadiario.com\/index.php\/wp-json\/wp\/v2\/comments?post=114762"}],"version-history":[{"count":1,"href":"https:\/\/www.actualidadadiario.com\/index.php\/wp-json\/wp\/v2\/posts\/114762\/revisions"}],"predecessor-version":[{"id":114764,"href":"https:\/\/www.actualidadadiario.com\/index.php\/wp-json\/wp\/v2\/posts\/114762\/revisions\/114764"}],"wp:featuredmedia":[{"embeddable":true,"href":"https:\/\/www.actualidadadiario.com\/index.php\/wp-json\/wp\/v2\/media\/114763"}],"wp:attachment":[{"href":"https:\/\/www.actualidadadiario.com\/index.php\/wp-json\/wp\/v2\/media?parent=114762"}],"wp:term":[{"taxonomy":"category","embeddable":true,"href":"https:\/\/www.actualidadadiario.com\/index.php\/wp-json\/wp\/v2\/categories?post=114762"},{"taxonomy":"post_tag","embeddable":true,"href":"https:\/\/www.actualidadadiario.com\/index.php\/wp-json\/wp\/v2\/tags?post=114762"}],"curies":[{"name":"wp","href":"https:\/\/api.w.org\/{rel}","templated":true}]}}