{"id":114759,"date":"2024-05-20T15:05:28","date_gmt":"2024-05-20T18:05:28","guid":{"rendered":"https:\/\/www.actualidadadiario.com\/?p=114759"},"modified":"2024-05-20T15:05:28","modified_gmt":"2024-05-20T18:05:28","slug":"empresarios-espanoles-se-despegan-de-milei-y-critican-sus-ataques-a-sanchez-no-nos-gusta-la-radicalidad","status":"publish","type":"post","link":"https:\/\/www.actualidadadiario.com\/index.php\/2024\/05\/20\/empresarios-espanoles-se-despegan-de-milei-y-critican-sus-ataques-a-sanchez-no-nos-gusta-la-radicalidad\/","title":{"rendered":"Empresarios espa\u00f1oles se despegan de Milei y critican sus ataques a S\u00e1nchez: &#8220;No nos gusta la radicalidad&#8221;"},"content":{"rendered":"<p style=\"text-align: center;\"><em><strong>Las empresas que participaron de la reuni\u00f3n del s\u00e1bado salieron al cruce de los dichos del Presidente en el acto de Vox. &#8220;Las declaraciones estuvieron fuera de tono&#8221;, dijo el jefe de la principal c\u00e1mara empresarial<\/strong><\/em><\/p>\n<p>&nbsp;<\/p>\n<p>&nbsp;<\/p>\n<p>El presidente de la Confederaci\u00f3n Espa\u00f1ola de Organizaciones Empresariales (CEOE), Antonio Garamendi, rechaz\u00f3 &#8220;de plano&#8221; a las declaraciones de Javier Milei contra la primera dama de Espa\u00f1a, Bego\u00f1a G\u00f3mez.<\/p>\n<p>El jefe de la patronal espa\u00f1ola dijo: &#8220;Nosotros rechazamos profundamente unas declaraciones fuera de tono, no en un mensaje diplom\u00e1tico, que es el que se tiene que tener entre dos pa\u00edses amigos, contra el presidente del Gobierno y contra la mujer del presidente&#8221;.<\/p>\n<p>Para Garamendi &#8220;no tiene absolutamente ning\u00fan sentido que se ataque&#8221; al presidente del Gobierno espa\u00f1ol y adem\u00e1s hacerlo en Espa\u00f1a. Garamendi ha recordado que los empresarios espa\u00f1oles tienen intereses &#8220;muy grandes&#8221; en Argentina, con una inversi\u00f3n de 18.000 millones de euros que les convierte en el principal inversor europeo y el segundo a nivel mundial.<\/p>\n<p>&#8220;Es muy importante, y es algo que parece que \u00faltimamente falla y falta, la lealtad institucional&#8221;, resalt\u00f3 Garamendi al ser preguntado por las declaraciones de Milei en un acto organizado por Vox.<\/p>\n<p>Las empresas que participaron del encuentro del s\u00e1bado con Milei como BBVA, Santander, Naturgy, Abertis, Telef\u00f3nica o Iberia, tambi\u00e9n se han desmarcado este lunes por la ma\u00f1ana de las declaraciones sobre Bego\u00f1a G\u00f3mez.<\/p>\n<p>Desde el BBVA publicaron un comunicado donde remarcan: &#8220;Tal y como ha asegurado el representante de las empresas espa\u00f1olas, nosotros rechazamos profundamente las declaraciones&#8221;. Banco Santander, Telef\u00f3nica e Iberia hicieron lo propio y acusaron a Milei de &#8220;no atender al lenguaje diplom\u00e1tico que debe usarse entre dos pa\u00edses amigos&#8221;.<\/p>\n<p>La energ\u00e9tica Naturgy suscribe en su integridad las declaraciones realizadas por el presidente de la patronal CEOE, Antonio Garamendi, en las que ha rechazado &#8220;profundamente&#8221; los comentarios del presidente de Argentina, Javier Milei, contra el presidente del Gobierno, Pedro S\u00e1nchez, y su esposa, Bego\u00f1a G\u00f3mez&#8221;.<\/p>\n<p>Antonio Garamendi le baj\u00f3 el precio al encuentro del s\u00e1bado con Milei fue &#8220;s\u00f3lo una reuni\u00f3n profesional en la que se habl\u00f3 de econom\u00eda y las empresas manifestaron sus problemas. No fue m\u00e1s que eso&#8221;.<\/p>\n<p>&#8220;No nos gusta la radicalidad ni la extrema radicalidad. No vamos a entrar en campa\u00f1a electoral. Desde hace a\u00f1os pedimos moderaci\u00f3n, tranquilidad. Cada vez que hay un mitin o\u00edmos palabras gruesas que no ayudan a la convivencia&#8221;, sentenci\u00f3 Garamendi.<\/p>\n<p>Los comentarios de Garamendi exponen el fracaso de la reuni\u00f3n del s\u00e1bado, organizada a contrarreloj por el gobierno para justificar el costo del viaje y confirma que los hombres de negocios no quieren hacer enojar al presidente espa\u00f1ol, Pedro S\u00e1nchez.<\/p>\n<p>Fuentes cercanas plantearon que la reuni\u00f3n &#8220;se llen\u00f3 de cuatro de copas&#8221; y &#8220;no estuvieron ni Ana Bot\u00edn, \u00c1lvarez Pallete, Amancio Ortega o Florentino P\u00e9rez. Los verdaderos due\u00f1os de la Espa\u00f1a empresarial&#8221;.<\/p>\n","protected":false},"excerpt":{"rendered":"<p>Las empresas que participaron de la reuni\u00f3n del s\u00e1bado salieron al cruce de los dichos del Presidente en el acto de Vox. &#8220;Las declaraciones estuvieron fuera de tono&#8221;, dijo el jefe de la principal c\u00e1mara empresarial &nbsp; &nbsp; El presidente de la Confederaci\u00f3n Espa\u00f1ola de Organizaciones Empresariales (CEOE), Antonio Garamendi, rechaz\u00f3 &#8220;de plano&#8221; a las declaraciones de Javier Milei contra la primera dama de Espa\u00f1a, Bego\u00f1a G\u00f3mez. El jefe de la patronal espa\u00f1ola dijo: &#8220;Nosotros rechazamos profundamente unas declaraciones fuera de tono, no en un mensaje diplom\u00e1tico, que es el&#8230;<\/p>\n","protected":false},"author":3,"featured_media":114760,"comment_status":"closed","ping_status":"closed","sticky":false,"template":"","format":"standard","meta":[],"categories":[18],"tags":[],"_links":{"self":[{"href":"https:\/\/www.actualidadadiario.com\/index.php\/wp-json\/wp\/v2\/posts\/114759"}],"collection":[{"href":"https:\/\/www.actualidadadiario.com\/index.php\/wp-json\/wp\/v2\/posts"}],"about":[{"href":"https:\/\/www.actualidadadiario.com\/index.php\/wp-json\/wp\/v2\/types\/post"}],"author":[{"embeddable":true,"href":"https:\/\/www.actualidadadiario.com\/index.php\/wp-json\/wp\/v2\/users\/3"}],"replies":[{"embeddable":true,"href":"https:\/\/www.actualidadadiario.com\/index.php\/wp-json\/wp\/v2\/comments?post=114759"}],"version-history":[{"count":1,"href":"https:\/\/www.actualidadadiario.com\/index.php\/wp-json\/wp\/v2\/posts\/114759\/revisions"}],"predecessor-version":[{"id":114761,"href":"https:\/\/www.actualidadadiario.com\/index.php\/wp-json\/wp\/v2\/posts\/114759\/revisions\/114761"}],"wp:featuredmedia":[{"embeddable":true,"href":"https:\/\/www.actualidadadiario.com\/index.php\/wp-json\/wp\/v2\/media\/114760"}],"wp:attachment":[{"href":"https:\/\/www.actualidadadiario.com\/index.php\/wp-json\/wp\/v2\/media?parent=114759"}],"wp:term":[{"taxonomy":"category","embeddable":true,"href":"https:\/\/www.actualidadadiario.com\/index.php\/wp-json\/wp\/v2\/categories?post=114759"},{"taxonomy":"post_tag","embeddable":true,"href":"https:\/\/www.actualidadadiario.com\/index.php\/wp-json\/wp\/v2\/tags?post=114759"}],"curies":[{"name":"wp","href":"https:\/\/api.w.org\/{rel}","templated":true}]}}