{"id":114756,"date":"2024-05-20T15:04:19","date_gmt":"2024-05-20T18:04:19","guid":{"rendered":"https:\/\/www.actualidadadiario.com\/?p=114756"},"modified":"2024-05-20T15:04:19","modified_gmt":"2024-05-20T18:04:19","slug":"sin-pacto-de-mayo-gobernadores-up-pro-y-ucr-lanzan-su-mesa-ampliada","status":"publish","type":"post","link":"https:\/\/www.actualidadadiario.com\/index.php\/2024\/05\/20\/sin-pacto-de-mayo-gobernadores-up-pro-y-ucr-lanzan-su-mesa-ampliada\/","title":{"rendered":"Sin Pacto de Mayo, gobernadores UP, PRO y UCR lanzan su mesa ampliada"},"content":{"rendered":"<p style=\"text-align: center;\"><em><strong>El Pacto de Mayo de Javier Milei qued\u00f3 en suspenso y los Gobernadores comienzan a recalcar su estrategia. La UCR, PRO y UP se abroquelan frente la Casa Rosada<\/strong><\/em><\/p>\n<p>&nbsp;<\/p>\n<p>&nbsp;<\/p>\n<p>Entre los gobernadores, dialoguistas y opositores, reina la decepci\u00f3n. Hasta la semana pasada, algunos de los mandatarios m\u00e1s cercanos a Javier Milei hac\u00edan fila para asistir a la convocatoria del Presidente suscribir el Pacto de Mayo el pr\u00f3ximo s\u00e1bado en C\u00f3rdoba. No por afinidad pol\u00edtica o confianza en el rumbo del gobierno nacional sino por la ventana de oportunidad de rediscutir el reparto de fondos coparticipables con la Casa Rosada.<\/p>\n<p>Los mandatarios provinciales se sienten enga\u00f1ados. Ofrecieron el apoyo, y los votos en el Congreso, para que avancen la ley Bases y el paquete fiscal pero este fin de semana, y con el Presidente de gira en Espa\u00f1a, comenz\u00f3 a circular la versi\u00f3n de que el Pacto de Mayo estaba ca\u00eddo y que, por ahora, s\u00f3lo podr\u00e1n asegurarse el regreso de la coparticipaci\u00f3n del impuesto a las Ganancias.<\/p>\n<p>&nbsp;<\/p>\n<p><strong>Javier Milei, exultante<\/strong><\/p>\n<p>M\u00e1s all\u00e1 de la incomodidad de los gobernadores, Javier Milei est\u00e1 exultante. Y considera que puede gobernar sin la casta, con el apoyo de la opini\u00f3n p\u00fablica. Se ufana de haber aplicado el ajuste m\u00e1s grande de la historia y mantener los grados de aceptaci\u00f3n entre el electorado despu\u00e9s de cinco desgastantes meses de gesti\u00f3n.<\/p>\n<p>La baja escalonada del \u00edndice de inflaci\u00f3n desde diciembre, el super\u00e1vit comercial y la pendulante estabilidad de tipo de cambio mantiene exultante al Presidente quien ya se enfoca en las legislativas del 2025.<\/p>\n<p>En C\u00f3rdoba, Milei planeaba exhibir a los gobernadores &#8220;de bien&#8221;, a la liga dialoguista que lo ayud\u00f3 a aprobar la ley Bases y los cimientos de la refundaci\u00f3n nacional. Es decir, aplicar el principio de revelaci\u00f3n para aislar a los opositores. Pero el plan fall\u00f3. M\u00e1s all\u00e1 de la sanci\u00f3n con cambios lograda en Diputados, La Libertad Avanza en el Senado ni siquiera logr\u00f3 blindar el apoyo de presuntos aliados como el PRO, los partidos provinciales o la UCR.<\/p>\n<p>Por eso la Casa Rosada apura el armado nacional de LLA con el objetivo de lograr mayor\u00edas legislativas propias el pr\u00f3ximo a\u00f1o que le permitan aprobar leyes sin la necesidad de negociar con la casta.<\/p>\n<p>Los gobernadores tomaron nota de la intenci\u00f3n de la Casa Rosada de avanzar con el ajuste m\u00e1s grande de la historia sin el reparto de recursos. Y comenzaron a enviar mensajes. El primero fue el encuentro en Rawson entre el gobernador del PRO, Ignacio Torres (Chubut) y el bonaerense Axel Kicillof (UP). Se trata del gobernador patag\u00f3nico mas enfrentado al gobierno nacional y se\u00f1alado en la intimidad presidencial como el responsable de la debacle de la ley Bases.<\/p>\n<p>&nbsp;<\/p>\n<p><strong>Gobernadores rebeldes<\/strong><\/p>\n<p>Es que los mandatarios patag\u00f3nicos no solo fueron los primeros en rebelarse contra la los recortes a los fondos para educaci\u00f3n y transporte, sino que adem\u00e1s voltearon el cap\u00edtulo pesquero del proyecto enviado por la Casa Rosada al Congreso, y que anim\u00f3 a otros gobernadores a cuestionar otros pasajes de ese plexo normativo.<\/p>\n<p>En ese contexto, y bajo el radar de la Casa Rosada, se conform\u00f3 una mesa de coordinaci\u00f3n entre la regi\u00f3n norte, centro y sur que no s\u00f3lo organiza las votaciones en el Congreso sino que adem\u00e1s se constituy\u00f3 como un eje de contra poder al Ejecutivo para sumar pol\u00edticas p\u00fablicas a la agenda de gobierno.<\/p>\n<p>En ese colectivo de Gobernadores, donde se diluye el principio de revelaci\u00f3n de Milei, aparecen desde radicales, hasta macristas y kirchenristas. Torres, del PRO, es el representante de la zona sur mientras que el radical Maximiliano Pullaro, que viene de recibir a Axel Kicillof en su provincia, es el embajador de la zona centro que tambi\u00e9n integran Entre R\u00edos y C\u00f3rdoba.<\/p>\n<p>Por la regi\u00f3n norte, el coordinador es el santiague\u00f1o Gerardo Zamora, cuyos diputados votaron en contra de la ley Bases en el recinto.<\/p>\n","protected":false},"excerpt":{"rendered":"<p>El Pacto de Mayo de Javier Milei qued\u00f3 en suspenso y los Gobernadores comienzan a recalcar su estrategia. La UCR, PRO y UP se abroquelan frente la Casa Rosada &nbsp; &nbsp; Entre los gobernadores, dialoguistas y opositores, reina la decepci\u00f3n. Hasta la semana pasada, algunos de los mandatarios m\u00e1s cercanos a Javier Milei hac\u00edan fila para asistir a la convocatoria del Presidente suscribir el Pacto de Mayo el pr\u00f3ximo s\u00e1bado en C\u00f3rdoba. No por afinidad pol\u00edtica o confianza en el rumbo del gobierno nacional sino por la ventana de oportunidad&#8230;<\/p>\n","protected":false},"author":3,"featured_media":114757,"comment_status":"closed","ping_status":"closed","sticky":false,"template":"","format":"standard","meta":[],"categories":[18],"tags":[],"_links":{"self":[{"href":"https:\/\/www.actualidadadiario.com\/index.php\/wp-json\/wp\/v2\/posts\/114756"}],"collection":[{"href":"https:\/\/www.actualidadadiario.com\/index.php\/wp-json\/wp\/v2\/posts"}],"about":[{"href":"https:\/\/www.actualidadadiario.com\/index.php\/wp-json\/wp\/v2\/types\/post"}],"author":[{"embeddable":true,"href":"https:\/\/www.actualidadadiario.com\/index.php\/wp-json\/wp\/v2\/users\/3"}],"replies":[{"embeddable":true,"href":"https:\/\/www.actualidadadiario.com\/index.php\/wp-json\/wp\/v2\/comments?post=114756"}],"version-history":[{"count":1,"href":"https:\/\/www.actualidadadiario.com\/index.php\/wp-json\/wp\/v2\/posts\/114756\/revisions"}],"predecessor-version":[{"id":114758,"href":"https:\/\/www.actualidadadiario.com\/index.php\/wp-json\/wp\/v2\/posts\/114756\/revisions\/114758"}],"wp:featuredmedia":[{"embeddable":true,"href":"https:\/\/www.actualidadadiario.com\/index.php\/wp-json\/wp\/v2\/media\/114757"}],"wp:attachment":[{"href":"https:\/\/www.actualidadadiario.com\/index.php\/wp-json\/wp\/v2\/media?parent=114756"}],"wp:term":[{"taxonomy":"category","embeddable":true,"href":"https:\/\/www.actualidadadiario.com\/index.php\/wp-json\/wp\/v2\/categories?post=114756"},{"taxonomy":"post_tag","embeddable":true,"href":"https:\/\/www.actualidadadiario.com\/index.php\/wp-json\/wp\/v2\/tags?post=114756"}],"curies":[{"name":"wp","href":"https:\/\/api.w.org\/{rel}","templated":true}]}}