{"id":114751,"date":"2024-05-20T13:02:52","date_gmt":"2024-05-20T16:02:52","guid":{"rendered":"https:\/\/www.actualidadadiario.com\/?p=114751"},"modified":"2024-05-20T13:02:52","modified_gmt":"2024-05-20T16:02:52","slug":"sanchez-senalo-a-milei-por-no-haber-estado-a-la-altura-y-exigio-disculpas-el-respeto-es-irrenunciable","status":"publish","type":"post","link":"https:\/\/www.actualidadadiario.com\/index.php\/2024\/05\/20\/sanchez-senalo-a-milei-por-no-haber-estado-a-la-altura-y-exigio-disculpas-el-respeto-es-irrenunciable\/","title":{"rendered":"S\u00e1nchez se\u00f1al\u00f3 a Milei por \u201cno haber estado a la altura\u201d y exigi\u00f3 disculpas: \u201cEl respeto es irrenunciable\u201d"},"content":{"rendered":"<p style=\"text-align: center;\"><em><strong>El presidente espa\u00f1ol ha comenzado su intervenci\u00f3n en un encuentro econ\u00f3mico reaccionando a las pol\u00e9micas declaraciones del mandatario argentino en su visita a Madrid el pasado fin de semana<\/strong><\/em><\/p>\n<p>&nbsp;<\/p>\n<p>&nbsp;<\/p>\n<p>El presidente del Gobierno de Espa\u00f1a, Pedro S\u00e1nchez, asegur\u00f3 este lunes que Javier Milei &#8220;no ha estado a la altura&#8221; del cargo que ocupa luego de que catalogara a su esposa de &#8220;corrupta&#8221; y &#8220;sucia&#8221; durante un evento organizado por el partido de ultraderecha espa\u00f1ol Vox.<\/p>\n<p>Durante su intervenci\u00f3n en el foro econ\u00f3mico CREO, el l\u00edder socialista le exigi\u00f3 al Presidente argentino que pida disculpas p\u00fablicamente y sostuvo que es &#8220;plenamente consciente de que quien ayer habl\u00f3 no lo hizo en nombre del gran pueblo argentino&#8221;.<\/p>\n<p>&#8220;Lo que ayer vivimos en Madrid no habla de lo que los espa\u00f1oles y argentinos sentimos. No habla de la uni\u00f3n de dos pueblos que en los momentos m\u00e1s dif\u00edciles contaron con la mano del otro para poder levantarse. No habla de las ra\u00edces comunes&#8221;, remarc\u00f3 S\u00e1nchez.<\/p>\n<p>En cambio, se\u00f1al\u00f3, el exabrupto de Milei &#8220;s\u00ed habla del riesgo que representa esta Internacional Ultraderechista para sociedades como la nuestra, que sustentamos nuestra democracia sobre los pilares del progreso econ\u00f3mico, la justicia social y la convivencia&#8221;.<\/p>\n<p>S\u00e1nchez afirm\u00f3 que &#8220;Espa\u00f1a y Argentina somos dos pa\u00edses hermanos cuyos pueblos se quieren y se respetan&#8221;. &#8220;Evidentemente entre los gobiernos los afectos son libres, pero el respeto es irrenunciable&#8221;, subray\u00f3, por lo que su Gobierno ha pedido &#8220;una rectificaci\u00f3n p\u00fablica&#8221;.<\/p>\n<p>&#8220;En consonancia, la respuesta del Gobierno de Espa\u00f1a ser\u00e1 acorde a la dignidad que representa la democracia espa\u00f1ola y a los lazos de hermandad que unen a Espa\u00f1a y a Argentina, ahora mismo presididos por un presidente que por desgracia no ha estado a la altura con sus declaraciones&#8221;, concluy\u00f3.<\/p>\n","protected":false},"excerpt":{"rendered":"<p>El presidente espa\u00f1ol ha comenzado su intervenci\u00f3n en un encuentro econ\u00f3mico reaccionando a las pol\u00e9micas declaraciones del mandatario argentino en su visita a Madrid el pasado fin de semana &nbsp; &nbsp; El presidente del Gobierno de Espa\u00f1a, Pedro S\u00e1nchez, asegur\u00f3 este lunes que Javier Milei &#8220;no ha estado a la altura&#8221; del cargo que ocupa luego de que catalogara a su esposa de &#8220;corrupta&#8221; y &#8220;sucia&#8221; durante un evento organizado por el partido de ultraderecha espa\u00f1ol Vox. Durante su intervenci\u00f3n en el foro econ\u00f3mico CREO, el l\u00edder socialista le exigi\u00f3&#8230;<\/p>\n","protected":false},"author":3,"featured_media":90018,"comment_status":"closed","ping_status":"closed","sticky":false,"template":"","format":"standard","meta":[],"categories":[9],"tags":[],"_links":{"self":[{"href":"https:\/\/www.actualidadadiario.com\/index.php\/wp-json\/wp\/v2\/posts\/114751"}],"collection":[{"href":"https:\/\/www.actualidadadiario.com\/index.php\/wp-json\/wp\/v2\/posts"}],"about":[{"href":"https:\/\/www.actualidadadiario.com\/index.php\/wp-json\/wp\/v2\/types\/post"}],"author":[{"embeddable":true,"href":"https:\/\/www.actualidadadiario.com\/index.php\/wp-json\/wp\/v2\/users\/3"}],"replies":[{"embeddable":true,"href":"https:\/\/www.actualidadadiario.com\/index.php\/wp-json\/wp\/v2\/comments?post=114751"}],"version-history":[{"count":1,"href":"https:\/\/www.actualidadadiario.com\/index.php\/wp-json\/wp\/v2\/posts\/114751\/revisions"}],"predecessor-version":[{"id":114752,"href":"https:\/\/www.actualidadadiario.com\/index.php\/wp-json\/wp\/v2\/posts\/114751\/revisions\/114752"}],"wp:featuredmedia":[{"embeddable":true,"href":"https:\/\/www.actualidadadiario.com\/index.php\/wp-json\/wp\/v2\/media\/90018"}],"wp:attachment":[{"href":"https:\/\/www.actualidadadiario.com\/index.php\/wp-json\/wp\/v2\/media?parent=114751"}],"wp:term":[{"taxonomy":"category","embeddable":true,"href":"https:\/\/www.actualidadadiario.com\/index.php\/wp-json\/wp\/v2\/categories?post=114751"},{"taxonomy":"post_tag","embeddable":true,"href":"https:\/\/www.actualidadadiario.com\/index.php\/wp-json\/wp\/v2\/tags?post=114751"}],"curies":[{"name":"wp","href":"https:\/\/api.w.org\/{rel}","templated":true}]}}