{"id":114731,"date":"2024-05-20T11:14:51","date_gmt":"2024-05-20T14:14:51","guid":{"rendered":"https:\/\/www.actualidadadiario.com\/?p=114731"},"modified":"2024-05-20T11:14:51","modified_gmt":"2024-05-20T14:14:51","slug":"iapv-cambia-la-metodologia-de-calculo-de-las-cuotas-de-amortizacion","status":"publish","type":"post","link":"https:\/\/www.actualidadadiario.com\/index.php\/2024\/05\/20\/iapv-cambia-la-metodologia-de-calculo-de-las-cuotas-de-amortizacion\/","title":{"rendered":"IAPV cambia la metodolog\u00eda de c\u00e1lculo de las cuotas de amortizaci\u00f3n"},"content":{"rendered":"<p style=\"text-align: center;\"><em><strong>El Instituto Aut\u00e1rquico de Planeamiento y Vivienda (IAPV), comunica la implementaci\u00f3n de una medida para fortalecer sus objetivos institucionales y mejorar la operatividad de sus planes de financiaci\u00f3n de viviendas<\/strong><\/em><\/p>\n<p>&nbsp;<\/p>\n<p>&nbsp;<\/p>\n<p>A partir de junio, ning\u00fan beneficiario de cr\u00e9dito de viviendas abonar\u00e1 una cuota menor a 20 UVIS (Unidades de Vivienda) y regir\u00e1 tanto para el c\u00e1lculo de amortizaci\u00f3n como de la cuota mensual. A valores actuales, la cuota m\u00ednima ser\u00e1 de 13.893,40 pesos m\u00e1s gastos que incluir\u00e1n seguro de vida e incendio. La medida alcanza a un universo de 13000 adjudicatarios de los 20.000 que conforman el padr\u00f3n actual del Instituto, los restantes beneficiarios seguir\u00e1n abonando sus cuotas en las formas pactadas.<\/p>\n<p>Esta iniciativa tiene como objetivo principal la creaci\u00f3n del Fondo de Estructuraci\u00f3n Habitacional, que permitir\u00e1 mejorar la calidad y la cantidad de viviendas destinadas a la poblaci\u00f3n, as\u00ed como tambi\u00e9n fortalecer su capacidad de respuesta a las necesidades habitacionales de la comunidad.<\/p>\n<p>Con este fondo, el instituto podr\u00e1 destinar recursos de manera m\u00e1s eficiente, garantizando as\u00ed la sostenibilidad de sus proyectos a largo plazo. Adem\u00e1s, el fondo ser\u00e1 factible de afectaci\u00f3n para gastos operativos y\/o para la financiaci\u00f3n de viviendas e infraestructura, lo que permitir\u00e1 al organismo ampliar su alcance y mejorar la calidad de vida de m\u00e1s familias entrerrianas.<\/p>\n<p>El IAPV, reafirma su compromiso con la comunidad y su misi\u00f3n de proporcionar viviendas dignas a todos los entrerrianos.<\/p>\n","protected":false},"excerpt":{"rendered":"<p>El Instituto Aut\u00e1rquico de Planeamiento y Vivienda (IAPV), comunica la implementaci\u00f3n de una medida para fortalecer sus objetivos institucionales y mejorar la operatividad de sus planes de financiaci\u00f3n de viviendas &nbsp; &nbsp; A partir de junio, ning\u00fan beneficiario de cr\u00e9dito de viviendas abonar\u00e1 una cuota menor a 20 UVIS (Unidades de Vivienda) y regir\u00e1 tanto para el c\u00e1lculo de amortizaci\u00f3n como de la cuota mensual. A valores actuales, la cuota m\u00ednima ser\u00e1 de 13.893,40 pesos m\u00e1s gastos que incluir\u00e1n seguro de vida e incendio. La medida alcanza a un universo&#8230;<\/p>\n","protected":false},"author":3,"featured_media":51330,"comment_status":"closed","ping_status":"closed","sticky":false,"template":"","format":"standard","meta":[],"categories":[15],"tags":[],"_links":{"self":[{"href":"https:\/\/www.actualidadadiario.com\/index.php\/wp-json\/wp\/v2\/posts\/114731"}],"collection":[{"href":"https:\/\/www.actualidadadiario.com\/index.php\/wp-json\/wp\/v2\/posts"}],"about":[{"href":"https:\/\/www.actualidadadiario.com\/index.php\/wp-json\/wp\/v2\/types\/post"}],"author":[{"embeddable":true,"href":"https:\/\/www.actualidadadiario.com\/index.php\/wp-json\/wp\/v2\/users\/3"}],"replies":[{"embeddable":true,"href":"https:\/\/www.actualidadadiario.com\/index.php\/wp-json\/wp\/v2\/comments?post=114731"}],"version-history":[{"count":1,"href":"https:\/\/www.actualidadadiario.com\/index.php\/wp-json\/wp\/v2\/posts\/114731\/revisions"}],"predecessor-version":[{"id":114732,"href":"https:\/\/www.actualidadadiario.com\/index.php\/wp-json\/wp\/v2\/posts\/114731\/revisions\/114732"}],"wp:featuredmedia":[{"embeddable":true,"href":"https:\/\/www.actualidadadiario.com\/index.php\/wp-json\/wp\/v2\/media\/51330"}],"wp:attachment":[{"href":"https:\/\/www.actualidadadiario.com\/index.php\/wp-json\/wp\/v2\/media?parent=114731"}],"wp:term":[{"taxonomy":"category","embeddable":true,"href":"https:\/\/www.actualidadadiario.com\/index.php\/wp-json\/wp\/v2\/categories?post=114731"},{"taxonomy":"post_tag","embeddable":true,"href":"https:\/\/www.actualidadadiario.com\/index.php\/wp-json\/wp\/v2\/tags?post=114731"}],"curies":[{"name":"wp","href":"https:\/\/api.w.org\/{rel}","templated":true}]}}