{"id":114723,"date":"2024-05-20T11:12:14","date_gmt":"2024-05-20T14:12:14","guid":{"rendered":"https:\/\/www.actualidadadiario.com\/?p=114723"},"modified":"2024-05-20T11:12:14","modified_gmt":"2024-05-20T14:12:14","slug":"se-realizaran-encuentros-de-capacitacion-en-liderazgo-y-gestion-para-rectores-de-escuelas-secundarias","status":"publish","type":"post","link":"https:\/\/www.actualidadadiario.com\/index.php\/2024\/05\/20\/se-realizaran-encuentros-de-capacitacion-en-liderazgo-y-gestion-para-rectores-de-escuelas-secundarias\/","title":{"rendered":"Se realizar\u00e1n encuentros de capacitaci\u00f3n en liderazgo y gesti\u00f3n para rectores de escuelas secundarias"},"content":{"rendered":"<p style=\"text-align: center;\"><em><strong>El Consejo General de Educaci\u00f3n (CGE) llevar\u00e1 a cabo una serie de encuentros de formaci\u00f3n, enmarcados en el programa Red de Escuelas que Transforman, destinados a m\u00e1s de 100 rectores y vicerrectores de la costa del Paran\u00e1 para reforzar habilidades de gesti\u00f3n estrat\u00e9gica y liderazgo pedag\u00f3gico en sus escuelas<\/strong><\/em><\/p>\n<p>&nbsp;<\/p>\n<p>&nbsp;<\/p>\n<p>El programa tiene como objetivo impulsar el cambio y la innovaci\u00f3n en el Nivel Secundario en Entre R\u00edos, con el fin de lograr mejoras significativas en t\u00e9rminos de equidad y rendimiento estudiantil.<\/p>\n<p>&#8220;Aspiramos a consolidar esta Comunidad Profesional de Aprendizaje, que re\u00fane a rectores, vicerrectores y una red de escuelas comprometidas con el cambio educativo&#8221; destac\u00f3 la presidente del CGE, Alicia Fregonese.<\/p>\n<p>Las capacitaciones se llevar\u00e1n a cabo de lunes a viernes, tanto por la ma\u00f1ana como por la tarde, en el Hotel C\u00edrculo, donde se reunir\u00e1n m\u00e1s de 100 rectores de la costa del Paran\u00e1. La semana presencial de formaci\u00f3n abordar\u00e1 diversas tem\u00e1ticas relacionadas con el Liderazgo Pedag\u00f3gico y la Gesti\u00f3n Educativa para potenciar habilidades y competencias cruciales para el proceso de transformaci\u00f3n e innovaci\u00f3n.<\/p>\n<p>&#8220;Se proporcionar\u00e1 a los referentes de los equipos de conducci\u00f3n los conocimientos necesarios para fortalecer su rol, se dar\u00e1n charlas con especialistas en comunicaci\u00f3n emocional, as\u00ed como herramientas en gesti\u00f3n de datos para apoyar la implementaci\u00f3n del plan integral de transformaci\u00f3n en sus instituciones&#8221; agreg\u00f3 Fregonese.<\/p>\n<p>&#8220;La propuesta de capacitaci\u00f3n incluye momentos de reflexi\u00f3n, intercambio de experiencias, trabajo individual y en grupo, as\u00ed como actividades acad\u00e9micas y recreativas para promover un aprendizaje activo en un ambiente propicio&#8221; remarc\u00f3 el director de nivel secundario del CGE, Omar Osuna, y agreg\u00f3 que &#8220;necesitamos directivos l\u00edderes en territorio, que no s\u00f3lo conozcan sus comunidades, sus estudiantes y sus problem\u00e1ticas, sino que tambi\u00e9n puedan construir un proyecto pol\u00edtico pedag\u00f3gico institucional que permita al estudiante adquirir las competencias para construir su proyecto de vida&#8221;.<\/p>\n<p>La iniciativa se lleva adelante desde el Consejo General de Educaci\u00f3n, junto a la Fundaci\u00f3n Banco Entre R\u00edos y las Fundaciones Grupo Petersen. Adem\u00e1s, se cuenta con la colaboraci\u00f3n de socios estrat\u00e9gicos como Molinos San Jos\u00e9, Fundaci\u00f3n Petropack, La Agr\u00edcola Regional (LAR), Matic Soluciones Educativas y Laboratorios Lafedar.<\/p>\n<p>En unos d\u00edas se replicar\u00e1 la instancia presencial en la costa del Uruguay.<\/p>\n","protected":false},"excerpt":{"rendered":"<p>El Consejo General de Educaci\u00f3n (CGE) llevar\u00e1 a cabo una serie de encuentros de formaci\u00f3n, enmarcados en el programa Red de Escuelas que Transforman, destinados a m\u00e1s de 100 rectores y vicerrectores de la costa del Paran\u00e1 para reforzar habilidades de gesti\u00f3n estrat\u00e9gica y liderazgo pedag\u00f3gico en sus escuelas &nbsp; &nbsp; El programa tiene como objetivo impulsar el cambio y la innovaci\u00f3n en el Nivel Secundario en Entre R\u00edos, con el fin de lograr mejoras significativas en t\u00e9rminos de equidad y rendimiento estudiantil. &#8220;Aspiramos a consolidar esta Comunidad Profesional de&#8230;<\/p>\n","protected":false},"author":3,"featured_media":114724,"comment_status":"closed","ping_status":"closed","sticky":false,"template":"","format":"standard","meta":[],"categories":[15],"tags":[],"_links":{"self":[{"href":"https:\/\/www.actualidadadiario.com\/index.php\/wp-json\/wp\/v2\/posts\/114723"}],"collection":[{"href":"https:\/\/www.actualidadadiario.com\/index.php\/wp-json\/wp\/v2\/posts"}],"about":[{"href":"https:\/\/www.actualidadadiario.com\/index.php\/wp-json\/wp\/v2\/types\/post"}],"author":[{"embeddable":true,"href":"https:\/\/www.actualidadadiario.com\/index.php\/wp-json\/wp\/v2\/users\/3"}],"replies":[{"embeddable":true,"href":"https:\/\/www.actualidadadiario.com\/index.php\/wp-json\/wp\/v2\/comments?post=114723"}],"version-history":[{"count":1,"href":"https:\/\/www.actualidadadiario.com\/index.php\/wp-json\/wp\/v2\/posts\/114723\/revisions"}],"predecessor-version":[{"id":114725,"href":"https:\/\/www.actualidadadiario.com\/index.php\/wp-json\/wp\/v2\/posts\/114723\/revisions\/114725"}],"wp:featuredmedia":[{"embeddable":true,"href":"https:\/\/www.actualidadadiario.com\/index.php\/wp-json\/wp\/v2\/media\/114724"}],"wp:attachment":[{"href":"https:\/\/www.actualidadadiario.com\/index.php\/wp-json\/wp\/v2\/media?parent=114723"}],"wp:term":[{"taxonomy":"category","embeddable":true,"href":"https:\/\/www.actualidadadiario.com\/index.php\/wp-json\/wp\/v2\/categories?post=114723"},{"taxonomy":"post_tag","embeddable":true,"href":"https:\/\/www.actualidadadiario.com\/index.php\/wp-json\/wp\/v2\/tags?post=114723"}],"curies":[{"name":"wp","href":"https:\/\/api.w.org\/{rel}","templated":true}]}}