{"id":114721,"date":"2024-05-20T11:11:12","date_gmt":"2024-05-20T14:11:12","guid":{"rendered":"https:\/\/www.actualidadadiario.com\/?p=114721"},"modified":"2024-05-20T11:11:12","modified_gmt":"2024-05-20T14:11:12","slug":"frigerio-confirmo-que-se-dieron-de-baja-mil-adscripciones-en-el-cge","status":"publish","type":"post","link":"https:\/\/www.actualidadadiario.com\/index.php\/2024\/05\/20\/frigerio-confirmo-que-se-dieron-de-baja-mil-adscripciones-en-el-cge\/","title":{"rendered":"Frigerio confirm\u00f3 que se dieron de baja mil adscripciones en el CGE"},"content":{"rendered":"<p style=\"text-align: center;\"><em><strong>El gobernador anunci\u00f3 la baja de mil adscripciones y afectaciones en el Consejo General de Educaci\u00f3n. \u00abNos pusimos a revisar cu\u00e1les eran las que verdaderamente ten\u00edan sentido y eran indispensable\u00bb, dijo al respecto el mandatario provincial<\/strong><\/em><\/p>\n<p>&nbsp;<\/p>\n<p>&nbsp;<\/p>\n<p>&nbsp;<\/p>\n<p>\u00abEn noviembre de 2023, pag\u00e1bamos 1.300 adscripciones y afectaciones en el Consejo General de Educaci\u00f3n. Nos pusimos a revisar cu\u00e1les eran las que verdaderamente ten\u00edan sentido y eran indispensables. As\u00ed fue como quedaron unas 300. Es decir, eliminamos 1.000\u00bb, dijo el gobernador Rogelio Frigerio.<\/p>\n<p>Al respecto, explic\u00f3 que \u00abcuando un docente no cumple el cargo para el cual fue designado, genera una suplencia y esto obliga al Estado a pagar dos y hasta tres sueldos por la misma tarea; quit\u00e1ndole la posibilidad de titularidad a cientos que hace a\u00f1os esperan ese lugar\u00bb<\/p>\n<p>En tanto que agreg\u00f3 que \u201celiminar este tipo de gastos innecesarios es un deber que tenemos ante los entrerrianos. Gracias a esta medida, s\u00f3lo en abril, ahorramos unos 500 millones de pesos que ser\u00e1n invertidos en pol\u00edticas que s\u00ed mejoren la calidad educativa\u00bb.<\/p>\n","protected":false},"excerpt":{"rendered":"<p>El gobernador anunci\u00f3 la baja de mil adscripciones y afectaciones en el Consejo General de Educaci\u00f3n. \u00abNos pusimos a revisar cu\u00e1les eran las que verdaderamente ten\u00edan sentido y eran indispensable\u00bb, dijo al respecto el mandatario provincial &nbsp; &nbsp; &nbsp; \u00abEn noviembre de 2023, pag\u00e1bamos 1.300 adscripciones y afectaciones en el Consejo General de Educaci\u00f3n. Nos pusimos a revisar cu\u00e1les eran las que verdaderamente ten\u00edan sentido y eran indispensables. As\u00ed fue como quedaron unas 300. Es decir, eliminamos 1.000\u00bb, dijo el gobernador Rogelio Frigerio. Al respecto, explic\u00f3 que \u00abcuando un docente&#8230;<\/p>\n","protected":false},"author":3,"featured_media":58212,"comment_status":"closed","ping_status":"closed","sticky":false,"template":"","format":"standard","meta":[],"categories":[15],"tags":[],"_links":{"self":[{"href":"https:\/\/www.actualidadadiario.com\/index.php\/wp-json\/wp\/v2\/posts\/114721"}],"collection":[{"href":"https:\/\/www.actualidadadiario.com\/index.php\/wp-json\/wp\/v2\/posts"}],"about":[{"href":"https:\/\/www.actualidadadiario.com\/index.php\/wp-json\/wp\/v2\/types\/post"}],"author":[{"embeddable":true,"href":"https:\/\/www.actualidadadiario.com\/index.php\/wp-json\/wp\/v2\/users\/3"}],"replies":[{"embeddable":true,"href":"https:\/\/www.actualidadadiario.com\/index.php\/wp-json\/wp\/v2\/comments?post=114721"}],"version-history":[{"count":1,"href":"https:\/\/www.actualidadadiario.com\/index.php\/wp-json\/wp\/v2\/posts\/114721\/revisions"}],"predecessor-version":[{"id":114722,"href":"https:\/\/www.actualidadadiario.com\/index.php\/wp-json\/wp\/v2\/posts\/114721\/revisions\/114722"}],"wp:featuredmedia":[{"embeddable":true,"href":"https:\/\/www.actualidadadiario.com\/index.php\/wp-json\/wp\/v2\/media\/58212"}],"wp:attachment":[{"href":"https:\/\/www.actualidadadiario.com\/index.php\/wp-json\/wp\/v2\/media?parent=114721"}],"wp:term":[{"taxonomy":"category","embeddable":true,"href":"https:\/\/www.actualidadadiario.com\/index.php\/wp-json\/wp\/v2\/categories?post=114721"},{"taxonomy":"post_tag","embeddable":true,"href":"https:\/\/www.actualidadadiario.com\/index.php\/wp-json\/wp\/v2\/tags?post=114721"}],"curies":[{"name":"wp","href":"https:\/\/api.w.org\/{rel}","templated":true}]}}